{"id":129365,"date":"2022-09-09T05:29:09","date_gmt":"2022-09-09T08:29:09","guid":{"rendered":"http:\/\/argentinamunicipal.com.ar\/argentina\/?p=129365"},"modified":"2022-09-09T06:38:11","modified_gmt":"2022-09-09T09:38:11","slug":"las-heras-mas-de-cuarenta-familias-en-emergencia-extrema-tras-el-cierre-de-una-cooperativa","status":"publish","type":"post","link":"http:\/\/argentinamunicipal.com.ar\/argentina\/las-heras-mas-de-cuarenta-familias-en-emergencia-extrema-tras-el-cierre-de-una-cooperativa\/","title":{"rendered":"Las Heras: M\u00e1s de cuarenta familias en emergencia extrema tras el cierre de una cooperativa"},"content":{"rendered":"<p>El viernes pasado la Municipalidad de Las Heras clausur\u00f3 la cooperativa de recicladores Coreme. All\u00ed trabajaban 45 personas que hoy han tenido que apelar a la solidaridad de la sociedad para poder comer. La comuna asegura que las tareas se pueden realizar en otro sector. Los detalles y c\u00f3mo ayudar.<\/p>\n<p>\u00ab\u00bfQu\u00e9 hacemos si nuestros ni\u00f1os nos piden el pan de cada d\u00eda y de repente no tenemos c\u00f3mo responderles?\u00bb, expresa Celeste mientras contiene el llanto y trata de expresar su profundo sentimiento de incertidumbre y tristeza en medio de un panorama que de repente se le volvi\u00f3 desolador. Junto a otras 44 personas que hasta hace unos d\u00edas trabajaba en la cooperativa de trabajo Coreme, entidad que surgi\u00f3 en 2015 como una alternativa al desempleo y la pobreza extrema, la mujer se encontr\u00f3 con que de un d\u00eda al otro, se qued\u00f3 sin empleo.<\/p>\n<p>El viernes pasado,\u00a0la\u00a0Municipalidad de Las Heras\u00a0decidi\u00f3 clausurar las puertas del predio que desde hace siete a\u00f1os funciona en la calle N\u00b013 de\u00a0Parque Industrial, ubicado sobre la ruta Nacional N\u00b0 40, a metros del Aeropuerto Internacional El Plumerillo. All\u00ed, un grupo de 41 hombres y mujeres que se dedican a la separaci\u00f3n y clasificaci\u00f3n de materiales s\u00f3lidos secos (cart\u00f3n, vidrio, pl\u00e1stico, aluminio, cobre\u00a0y papel, entre otros), estaban trabajando bajo la modalidad de cooperativismo. En 2013, la comuna hab\u00eda cedido a la asociaci\u00f3n civil un terreno en calidad de comodato para que las familias pudieran trabajar y autosustentarse de una manera m\u00e1s organizada a la que ven\u00edan aplicando hasta ese entonces.<\/p>\n<p>A lo largo de los a\u00f1os en los que funcion\u00f3 la cooperativa, 45 personas lograron ordenar los horarios, pautar montos por la cantidad de horas trabajadas y contar con un sueldo que al menos les ayudara a subsistir. \u00abEn el 215 la planta fue habilitada de manera provisoria y comenz\u00f3 a funcionar con 12 personas. Ahora son m\u00e1s de cuarenta las familias que dependen de los ingresos que logran con este trabajo\u00bb, explica Mario Campo, titular de la cooperativa de trabajo. El pago que efect\u00faa la entidad a los\/las trabajadores\/as por separar los residuos secos es de 225 pesos la hora y se debe cumplir con un m\u00ednimo de 64 horas semanales. mientras que los horarios se cumplen en dos turnos con la posibilidad de trabajar horas extra para lograr una diferencia a fin de semana, cuando lograban el cobro.<\/p>\n<p>Lo cierto es que ahora, las familias afectadas por el cierre de la cooperativa ya no cuentan con esos ingresos y han organizado una colecta a trav\u00e9s de las redes sociales con el fin de lograr una ayuda moment\u00e1nea para paliar la grave situaci\u00f3n econ\u00f3mica que atraviesan en un contexto que no les ofrece otras alternativas de inserci\u00f3n laboral o social. El agravante de esta realidad es que en todos los casos, se trata de personas con beb\u00e9s, ni\u00f1os y ni\u00f1as a cargo, cuya realidad de pobreza se ve a\u00fan m\u00e1s agravada.\u00bbMe perjudica mucho que la cooperativa est\u00e9 cerrada; yo con lo que estaba ganando con ese trabajo pagaba los impuestos y la comida de mis hijos. No encuentro otro trabajo y esto hace que no podamos salir adelante; estaba contento por ese trabajo y por el nivel de organizaci\u00f3n que hab\u00edamos logrado. Ahora estoy muy triste\u00bb, confiesa Mat\u00edas Alkaime, un pap\u00e1 mendocino que desde hace a\u00f1os trabajaba cumpliendo funciones en esta planta de recuperaci\u00f3n de materiales. En una provincia donde la pobreza, la inflaci\u00f3n y el desempleo amenazan con hambre y miseria a miles de familias, la problem\u00e1tica se plantea a\u00fan m\u00e1s grave. Faltan oportunidades. El interrogante que quita el sue\u00f1o muchas veces se sintetiza en un \u00ab\u00bfqu\u00e9 comeremos ma\u00f1ana?\u00bb. Y la respuesta, suele ser un misterio.<\/p>\n<p><strong>La versi\u00f3n del municipio<\/strong><br \/>\nFabi\u00e1n Tello, secretario de intendencia de Las Heras, niega que la\u00a0cooperativa\u00a0se haya cerrado. \u00abLa cooperativa sigue funcionando y puede desarrollar la tarea que ven\u00eda cumpliendo en el punto verde que est\u00e1 habilitado y que cuenta con las condiciones sanitarias para que trabajen all\u00ed\u00bb, dice el funcionario y destaca que lo que s\u00ed se clausur\u00f3 es el establecimiento donde funcionaba la planta porque no se ajusta a las condiciones de higiene y seguridad requeridas. \u00abEn el punto verde hay dos cintas, cuenta con servicios b\u00e1sicos,\u00a0medidas de seguridad adecuadas para realizar la tarea de separaci\u00f3n y una b\u00e1scula para pesar los materiales\u00bb, agrega Tello y destaca que el establecimiento puede funcionar las 24 horas de corrido.<\/p>\n<p><strong>\u00abCuesti\u00f3n de c\u00f3digos\u00bb<\/strong><br \/>\nLo cierto es que hoy, las familias han solicitado al Municipio la reapertura de la\u00a0cooperativa de trabajo\u00a0y la respuesta hasta el momento es que debido a que la planta no estaba en condiciones de funcionar (no cuenta, por ejemplo, con los servicios b\u00e1sicos de cloaca o pozo s\u00e9ptico, luz ni gas) sus integrantes pueden realizar su trabajo en el punto verde que est\u00e1 habilitado a menos de cien metros. En realidad, all\u00ed ya hay personas trabajando de 8 a 22. Tras una asamblea realizada para conocer la opini\u00f3n de los\/las trabajadores sobre el tema, todos expresaron que trabajar all\u00ed ser\u00eda imposible porque \u00abcada grupo maneja sus c\u00f3digos y no ser\u00eda positivo llegar a sacar el trabajo a otras personas que necesitan tanto como nosotros\u00bb.<\/p>\n<p>Seg\u00fan los integrantes de Coreme, a lo largo de siete a\u00f1os todo lo logrado fue a costa de su sacrificio y el municipio no los apoy\u00f3 para instalar, por ejemplo, los servicios b\u00e1sicos. \u00abAl principio, por ejemplo, el municipio nos provey\u00f3 de ropa y calzado para trabajar, pero en la actual gesti\u00f3n no tuvimos ninguna clase de acompa\u00f1amiento. Solo vinieron y cerraron, dejando a todas estas familias en la calle\u00bb, destaca Campero y aclara que esta semana sin haber podido trabajar los ha perjudicado en demas\u00eda.<\/p>\n<h6>Fuente: MDZ<\/h6>\n","protected":false},"excerpt":{"rendered":"<p>El viernes pasado la Municipalidad de Las Heras clausur\u00f3 la cooperativa de recicladores Coreme. All\u00ed trabajaban 45 personas que hoy han tenido que apelar a la solidaridad de la sociedad para poder comer. La comuna asegura que las tareas se pueden realizar en otro sector.<\/p>\n","protected":false},"author":2,"featured_media":129366,"comment_status":"closed","ping_status":"closed","sticky":false,"template":"","format":"standard","meta":{"footnotes":""},"categories":[2],"tags":[31],"class_list":["post-129365","post","type-post","status-publish","format-standard","has-post-thumbnail","hentry","category-informe-municipal","tag-mendoza"],"_links":{"self":[{"href":"http:\/\/argentinamunicipal.com.ar\/argentina\/wp-json\/wp\/v2\/posts\/129365","targetHints":{"allow":["GET"]}}],"collection":[{"href":"http:\/\/argentinamunicipal.com.ar\/argentina\/wp-json\/wp\/v2\/posts"}],"about":[{"href":"http:\/\/argentinamunicipal.com.ar\/argentina\/wp-json\/wp\/v2\/types\/post"}],"author":[{"embeddable":true,"href":"http:\/\/argentinamunicipal.com.ar\/argentina\/wp-json\/wp\/v2\/users\/2"}],"replies":[{"embeddable":true,"href":"http:\/\/argentinamunicipal.com.ar\/argentina\/wp-json\/wp\/v2\/comments?post=129365"}],"version-history":[{"count":0,"href":"http:\/\/argentinamunicipal.com.ar\/argentina\/wp-json\/wp\/v2\/posts\/129365\/revisions"}],"wp:featuredmedia":[{"embeddable":true,"href":"http:\/\/argentinamunicipal.com.ar\/argentina\/wp-json\/wp\/v2\/media\/129366"}],"wp:attachment":[{"href":"http:\/\/argentinamunicipal.com.ar\/argentina\/wp-json\/wp\/v2\/media?parent=129365"}],"wp:term":[{"taxonomy":"category","embeddable":true,"href":"http:\/\/argentinamunicipal.com.ar\/argentina\/wp-json\/wp\/v2\/categories?post=129365"},{"taxonomy":"post_tag","embeddable":true,"href":"http:\/\/argentinamunicipal.com.ar\/argentina\/wp-json\/wp\/v2\/tags?post=129365"}],"curies":[{"name":"wp","href":"https:\/\/api.w.org\/{rel}","templated":true}]}}