{"id":12946,"date":"2014-08-08T08:38:14","date_gmt":"2014-08-08T11:38:14","guid":{"rendered":"http:\/\/argentinamunicipal.com.ar\/argentina\/?p=12946"},"modified":"2014-08-08T08:38:14","modified_gmt":"2014-08-08T11:38:14","slug":"santos-asume-su-segunda-presidencia-decidido-a-alcanzar-la-paz-en-colombia","status":"publish","type":"post","link":"http:\/\/argentinamunicipal.com.ar\/argentina\/santos-asume-su-segunda-presidencia-decidido-a-alcanzar-la-paz-en-colombia\/","title":{"rendered":"Santos asume su segunda presidencia decidido a alcanzar la paz en Colombia"},"content":{"rendered":"<p><a href=\"http:\/\/argentinamunicipal.com.ar\/argentina\/wp-content\/uploads\/2014\/08\/image53e3853ef3be51.24885821.jpg\"><img loading=\"lazy\" decoding=\"async\" class=\"aligncenter  wp-image-12947\" src=\"http:\/\/argentinamunicipal.com.ar\/argentina\/wp-content\/uploads\/2014\/08\/image53e3853ef3be51.24885821.jpg\" alt=\"image53e3853ef3be51.24885821\" width=\"787\" height=\"554\" srcset=\"http:\/\/argentinamunicipal.com.ar\/argentina\/wp-content\/uploads\/2014\/08\/image53e3853ef3be51.24885821.jpg 1136w, http:\/\/argentinamunicipal.com.ar\/argentina\/wp-content\/uploads\/2014\/08\/image53e3853ef3be51.24885821-300x211.jpg 300w, http:\/\/argentinamunicipal.com.ar\/argentina\/wp-content\/uploads\/2014\/08\/image53e3853ef3be51.24885821-1024x721.jpg 1024w\" sizes=\"auto, (max-width: 787px) 100vw, 787px\" \/><\/a><br \/>\nEste ser\u00e1 el mayor desaf\u00edo para el mandatario que gan\u00f3 con el 50,6% de los votos y el apoyo de la izquierda. Asume esta tarde.<\/p>\n<p>Juan Manuel Santos asumir\u00e1 hoy por segunda vez consecutiva la Presidencia de Colombia, a la que fue reelegido con la promesa de alcanzar la paz con las guerrillas de izquierda en un pa\u00eds azotado por un conflicto armado de m\u00e1s de 50 a\u00f1os.<\/p>\n<p>Este ser\u00e1 el mayor desaf\u00edo de este pol\u00edtico de centroderecha, que gan\u00f3 con el 50,6% de los votos y el apoyo de la izquierda, cuando se posesione en la ceremonia que inicia a las 15H00 locales (20H00 GMT) en el Patio de N\u00fa\u00f1ez, situado entre el Congreso y la Casa de Nari\u00f1o (palacio de gobierno), en el centro de Bogot\u00e1 y ante cientos de invitados de 128 delegaciones.<\/p>\n<p>\u00abEn este momento el gran reto es la paz: ir sembrando esa paz, la cual la vamos ir construyendo entre todos. Y por eso es que estos \u00faltimos cuatro a\u00f1os determinan un reto enorme para todo Colombia\u00bb, dijo el mandatario al repasar d\u00edas atr\u00e1s los logros de su primer periodo de gobierno.<\/p>\n<p>Santos, electo por primera vez hace cuatro a\u00f1os tras liderar la mayor ofensiva contra las Fuerzas Armadas Revolucionarias de Colombia (FARC, comunistas), cuando era ministro de Defensa de su predecesor y exmentor \u00c1lvaro Uribe (2002-2010), devino en el gran impulsor de las negociaciones de paz con esa guerrilla, la principal del pa\u00eds con unos 8.000 combatientes.<\/p>\n<p>Adem\u00e1s de las conversaciones con las FARC, que tienen lugar desde noviembre de 2012 en Cuba, Santos anunci\u00f3, poco antes de su reelecci\u00f3n el 15 de junio, el inicio de di\u00e1logos exploratorios tendientes a la pacificaci\u00f3n del Ej\u00e9rcito de Liberaci\u00f3n Nacional (ELN, guevaristas), segundo grupo rebelde de Colombia con 2.500 miembros.<\/p>\n<p>La paz es la mayor obsesi\u00f3n de este economista liberal formado en Londres y promotor de acuerdos de libre comercio con Estados Unidos, Asia y Europa, pues est\u00e1 convencido de que acabar con la guerra interna permitir\u00e1 una mayor inversi\u00f3n social en un pa\u00eds donde m\u00e1s del 32% de sus 47,7 millones de habitantes es pobre.<\/p>\n<p>A sus casi 63 a\u00f1os, que cumplir\u00e1 el domingo, este padre de tres hijos no s\u00f3lo aspira a sellar un hist\u00f3rico fin de la violencia en Colombia, sino a ser el presidente que acort\u00f3 la brecha social.<\/p>\n<h3>Superar la desigualdad<\/h3>\n<p>Santos no est\u00e1 solo en su cruzada. Lo respalda su vicepresidente, Germ\u00e1n Vargas Lleras, quien como exministro del Interior suyo impuls\u00f3 la Ley de V\u00edctimas y de Restituci\u00f3n de Tierras, que busca resarcir a los afectados por el conflicto armado.<\/p>\n<p>Adem\u00e1s, tiene el apoyo de l\u00edderes regionales y mundiales, muchos de los cuales ser\u00e1n testigos de su juramentaci\u00f3n este jueves, como los presidentes de Venezuela, Nicol\u00e1s Maduro, y de Ecuador, Rafael Correa, y el exrey Juan Carlos I de Espa\u00f1a.<br \/>\nPero el camino no ser\u00e1 f\u00e1cil.<\/p>\n<p>Aunque Santos cuenta con mayor\u00edas en el Congreso, el cual eventualmente deber\u00e1 legislar las reformas necesarias para articular un acuerdo de paz y regular el posconflicto, en el \u00e1mbito legislativo est\u00e1 tambi\u00e9n el m\u00e1s f\u00e9rreo opositor al proceso de La Habana, el expresidente y actual senador Uribe, para quien pactar con los guerrilleros s\u00f3lo traer\u00e1 impunidad.<\/p>\n<p>La propia guerrilla pareci\u00f3 en los \u00faltimos d\u00edas querer minar el proceso, con ataques que causaron la muerte de civiles y da\u00f1os ambientales y a la infraestructura que podr\u00edan hacer peligrar los avances logrados.<br \/>\n\u00abUstedes contin\u00faan con eso, est\u00e1n jugando con candela, y este proceso puede terminar, porque no podemos seguir indefinidamente en esta situaci\u00f3n\u00bb, advirti\u00f3 Santos la semana pasada tras un ataque atribuido a las FARC que dej\u00f3 sin luz a 450.000 personas.<\/p>\n<p>Las conversaciones de paz se adelantan sin un cese al fuego, que seg\u00fan Santos podr\u00eda fortalecer a los rebeldes.<\/p>\n<p>En paralelo a la pacificaci\u00f3n, Santos deber\u00e1 atender otros temas urgentes para superar la desigualdad en Colombia, que atraviesa quiz\u00e1s el mejor momento econ\u00f3mico de su historia &#8211; cerr\u00f3 2013 con un crecimiento del 4,7% -, pero tiene pendientes reformas en salud, educaci\u00f3n y justicia, adem\u00e1s de cambios en su sistema pol\u00edtico que exige la oposici\u00f3n.<\/p>\n<h6>Fuente: Los Andes<\/h6>\n","protected":false},"excerpt":{"rendered":"<p>Este ser\u00e1 el mayor desaf\u00edo para el mandatario que gan\u00f3 con el 50,6% de los votos y el apoyo de la izquierda. Asume esta tarde. Juan Manuel Santos asumir\u00e1 hoy por segunda vez consecutiva la Presidencia de Colombia, a la que fue reelegido con la promesa de alcanzar la paz con las guerrillas de izquierda<\/p>\n","protected":false},"author":2,"featured_media":12947,"comment_status":"closed","ping_status":"closed","sticky":false,"template":"","format":"standard","meta":{"footnotes":""},"categories":[22],"tags":[57],"class_list":["post-12946","post","type-post","status-publish","format-standard","has-post-thumbnail","hentry","category-el-mundo","tag-el-mundo"],"_links":{"self":[{"href":"http:\/\/argentinamunicipal.com.ar\/argentina\/wp-json\/wp\/v2\/posts\/12946","targetHints":{"allow":["GET"]}}],"collection":[{"href":"http:\/\/argentinamunicipal.com.ar\/argentina\/wp-json\/wp\/v2\/posts"}],"about":[{"href":"http:\/\/argentinamunicipal.com.ar\/argentina\/wp-json\/wp\/v2\/types\/post"}],"author":[{"embeddable":true,"href":"http:\/\/argentinamunicipal.com.ar\/argentina\/wp-json\/wp\/v2\/users\/2"}],"replies":[{"embeddable":true,"href":"http:\/\/argentinamunicipal.com.ar\/argentina\/wp-json\/wp\/v2\/comments?post=12946"}],"version-history":[{"count":0,"href":"http:\/\/argentinamunicipal.com.ar\/argentina\/wp-json\/wp\/v2\/posts\/12946\/revisions"}],"wp:featuredmedia":[{"embeddable":true,"href":"http:\/\/argentinamunicipal.com.ar\/argentina\/wp-json\/wp\/v2\/media\/12947"}],"wp:attachment":[{"href":"http:\/\/argentinamunicipal.com.ar\/argentina\/wp-json\/wp\/v2\/media?parent=12946"}],"wp:term":[{"taxonomy":"category","embeddable":true,"href":"http:\/\/argentinamunicipal.com.ar\/argentina\/wp-json\/wp\/v2\/categories?post=12946"},{"taxonomy":"post_tag","embeddable":true,"href":"http:\/\/argentinamunicipal.com.ar\/argentina\/wp-json\/wp\/v2\/tags?post=12946"}],"curies":[{"name":"wp","href":"https:\/\/api.w.org\/{rel}","templated":true}]}}