{"id":129476,"date":"2022-09-14T05:43:14","date_gmt":"2022-09-14T08:43:14","guid":{"rendered":"http:\/\/argentinamunicipal.com.ar\/argentina\/?p=129476"},"modified":"2022-09-13T20:51:20","modified_gmt":"2022-09-13T23:51:20","slug":"mendoza-tango-por-los-caminos-del-vino-2022","status":"publish","type":"post","link":"http:\/\/argentinamunicipal.com.ar\/argentina\/mendoza-tango-por-los-caminos-del-vino-2022\/","title":{"rendered":"Mendoza: Tango por los Caminos del Vino 2022"},"content":{"rendered":"<p>Del viernes 16 al domingo 18 de septiembre, se realizar\u00e1 una nueva edici\u00f3n del esperado ciclo que combina m\u00fasica, paisaje y vinos. Bodegas y espacios culturales son algunos de sus escenarios. En la nota la programaci\u00f3n completa.<\/p>\n<p>Mendoza vivir\u00e1 una nueva edici\u00f3n de Tango por los caminos del Vino, organizado por el Ministerio de Cultura y Turismo de la provincia. Esta nueva edici\u00f3n contar\u00e1 con 16 espect\u00e1culos,\u00a0 las entradas ya se pueden adquirir a trav\u00e9s de: tango.mendoza.tur.ar.\u00a0 La grilla es la siguiente:<\/p>\n<p>Programaci\u00f3n TANGO POR LOS CAMINOS DEL VINO<\/p>\n<p>Viernes 16\/9 \u2013 21.00\u00a0h.\u00a0Acto de apertura \u2013 Teatro Independencia.\u00a0Orquesta Filarm\u00f3nica de Mendoza y Mar\u00eda Jos\u00e9 Mentana (\u201c50 a\u00f1os junto al Tango\u201d)<\/p>\n<p>Viernes 16\/9 \u2013 18.00 h.\u00a0Bodega Anaia Wines.\u00a0La Cuarta de Fierro, integrada por Juan Jer\u00f3nimo Flores, voz; Hugo Fernando Larra\u00f1aga, contrabajo; Sebasti\u00e1n Boris Kusselman, guitarrista; Mar\u00eda Agustina Guill\u00e9n Ortiz, bandone\u00f3n. Bailarines: Luis Carlos Gabriel Campos y Daniela Katia Abrego.<\/p>\n<p>Viernes 16\/9 \u2013 21.00 h.\u00a0Bodega Boutique Ibarra.\u00a0\u201cTr\u00edo Ledda\u201d, integrado por Javier Ledda, guitarra; Miguel Ledda, cantante y\u00a0 Luis Marcelo M\u00e9ndez, guitarra. Bailarines: \u00c1ngela Lineros y Juan Andr\u00e9s Olave Kleiber.<\/p>\n<p>S\u00e1bado 17\/9 \u2013 12.00 h.\u00a0Bodega A16.\u00a0Tr\u00edo integrado por Oscar Puebla, guitarra; Mariano Dalla Torre, voz; Gustavo Bruno, en guitarra. Bailarines: Yanina Vanesa Cuello y Walter Fernando Cuello.<\/p>\n<p>S\u00e1bado 17\/9 \u2013 13.00 h. Bodega Haarth. Tr\u00edo \u00abDOLCE AMBAR\u00bb, integrado por Patricio Agust\u00edn Ibire, guitarra;\u00a0 Marina Pena, viola y Mirna Castillo, viol\u00edn. Bailarines: \u00c1ngela Lineros y Juan Andr\u00e9s Olave Kleiber.<\/p>\n<p>S\u00e1bado 17\/9 \u2013 12.30 h.\u00a0Finca del Nunca Jam\u00e1s.\u00a0\u00abTr\u00edo 18 Cuerdas\u00bb, integrado por Silvia Ruth Tarde, Francisco Marcial Morales, Ra\u00fal Vega. Bailarines: Camila Ail\u00e9n Ortiz y Jes\u00fas\u00a0 Schaffer.<\/p>\n<p>S\u00e1bado 17\/9 \u2013 12.00 h.\u00a0Bodega Terrazas de los Andes.\u00a0\u201cMMF Tango Tr\u00edo\u201d, integrado por Rub\u00e9n Alberto Mart\u00ednez, guitarra \/ arreglos; Juan Pablo Moltisanti, piano; Diego Valent\u00edn Flores, voz. Bailarines: Cecilia P\u00e9rez y Andr\u00e9s Dami\u00e1n Romera.<\/p>\n<p>S\u00e1bado 17\/9 \u2013 18.00 h.\u00a0Bodega Los Toneles.\u00a0\u201cContramarca\u201d, integrada por Juan Pablo Moltisanti, piano; Rub\u00e9n Alberto Mart\u00ednez, guitarra; Rub\u00e9n Ripamonti, contrabajo; David Gologorsky, viol\u00edn; Miguel \u00c1ngel Cotignola, viol\u00edn; Jeli Sara Herrera Pimentel, viola; Mauricio Ezequiel Lozano, violoncello; Agustina Guill\u00e9n, bandone\u00f3n y Diego\u00a0 Valent\u00edn Flores, voz. Bailarines: Vanina Gisela M\u00e9ndez, Leandro Cazzanelli, Gonzalo Cano y Marta Morel.<\/p>\n<p>S\u00e1bado 17\/9 \u2013 18.00 h.\u00a0Lamadrid Estate Wines.\u00a0Patricia Melis &amp; Pablo Budini. Bailarines: Dana Wanag y Gustavo Corval\u00e1n.<\/p>\n<p>S\u00e1bado 17\/9 \u2013 17.30 h.\u00a0Casa Septem.\u00a0Sere Tango, integrado por Diego L\u00f3pez P\u00e1ez, contrabajo; Roberto Carlos Cereda, bandone\u00f3n; Claudia Silvina P\u00e9rez Lacon, piano; Ra\u00fal Alejandro Veron, voz; Engel Suarez, viol\u00edn. Bailarines: Gonzalo Ju\u00e1rez y Roc\u00edo Valencia Lusso.<\/p>\n<p>S\u00e1bado 17\/9 \u2013 18.30 h.\u00a0Bermejo State.\u00a0Orquesta y Ballet Municipal de Guaymall\u00e9n.<\/p>\n<p>S\u00e1bado 17\/9 \u2013 20.30 h.\u00a0Bodega Garbin.\u00a0De CUAR-TANGO Los Cuatro del Tango: A cargo de Carmen Lucrecia Cervantes, voz; Julio Alberto Tobares, primera guitarra; Cesar Antonio Tobio, guitarr\u00f3n y Pablo Fernando Basan, segunda guitarra. Bailarines: Ram\u00f3n Villegas y Katherina Gui\u00f1ez.<\/p>\n<p>Domingo 18\/9 \u2013 15.00 h.\u00a0Bodega Salentein.\u00a0Orquesta Astrudillo, a cargo de Mario Lucesole, bandone\u00f3n; Eduardo Darct, viol\u00edn; Marcos Andr\u00e9s R\u00edos, contrabajo; Jorge Astrudillo, piano; Roberto Ponce, voz. Bailar\u00edn: Leandro Cazzanelli<\/p>\n<p>Domingo 18\/9 \u2013 12.00 h. Casa Bermell\u00f3n. \u00c9rica Elizabeth Ritman Carvajal, voz; Roberto Hugo Budini, guitarra; Rub\u00e9n Dar\u00edo Ripamonti, contrabajo; Cristi\u00e1n Eduardo Benavides, bandone\u00f3n. Bailarines: Carlos Gonzalo Trigo y Cecilia Herrera.<\/p>\n<p>Domingo 18\/9 \u2013 15.00 h.\u00a0ALEPH Wine Co.\u00a0Cuarteto de Guitarras ECOS. Bailarines: Miguel \u00c1ngel Flores y Bianca Santarelli.<\/p>\n<p>Domingo 18\/9 \u2013 16.00 h.\u00a0Finca Cosmos.\u00a0CUARTETO de Cuerdas \u201cNUEVO MUNDO\u201d, a cargo de Engel Bernard Su\u00e1rez, voz; Elda Mar\u00eda Pineda Z\u00e1ccara, viola; Jos\u00e9 Ernesto Guevara D\u00edaz, violonchelo; Georgina Lucila Prendes. Bailarines: Cristian Gabriel Castillo y\u00a0 Caterina Denis Videla.<\/p>\n<p>La ministra de Cultura y Turismo, Nora Vicario, destac\u00f3: \u201cTango por los Caminos del Vino es uno de los festivales m\u00e1s convocantes de la provincia, elegido por mendocinos y turistas, es por esto que los invitamos a descubrir las propuestas de nuestros artistas, que sabemos que son de gran calidad.\u00a0Este festival combina el vino, la danza, la m\u00fasica en vivo y los impactantes paisajes de nuestra provincia. Sin dudas, una propuesta inolvidable\u201d.<\/p>\n<p>Este importante encuentro tur\u00edstico-cultural coincide con las fechas patrias chilenas, \u00e9poca en la que los turistas del pa\u00eds vecino buscan en Argentina realizar compras, disfrutar experiencias gastron\u00f3micas, recorrer bodegas y asistir a espect\u00e1culos de tango, siendo estos productos identitarios, de Mendoza como destino, en el vecino pa\u00eds.<\/p>\n<p>La programaci\u00f3n\u00a0de este nuevo encuentro con el tango y el vino\u00a0ser\u00e1 sumamente federal,\u00a0para que mendocinos y turistas puedan recorrer toda la provincia, con espect\u00e1culos en el Valle de Uco, el Sur mendocino, el Este, Lavalle y el Gran Mendoza.<\/p>\n<p>Recordamos las entradas pueden adquirse a trav\u00e9s de\u00a0tango.mendoza.tur.ar<\/p>\n<h6>Fuente: elnueve.com<\/h6>\n","protected":false},"excerpt":{"rendered":"<p>Del viernes 16 al domingo 18 de septiembre, se realizar\u00e1 una nueva edici\u00f3n del esperado ciclo que combina m\u00fasica, paisaje y vinos. Bodegas y espacios culturales son algunos de sus escenarios. En la nota la programaci\u00f3n completa.<\/p>\n","protected":false},"author":2,"featured_media":129477,"comment_status":"closed","ping_status":"closed","sticky":false,"template":"","format":"standard","meta":{"footnotes":""},"categories":[47],"tags":[31],"class_list":["post-129476","post","type-post","status-publish","format-standard","has-post-thumbnail","hentry","category-fiestas","tag-mendoza"],"_links":{"self":[{"href":"http:\/\/argentinamunicipal.com.ar\/argentina\/wp-json\/wp\/v2\/posts\/129476","targetHints":{"allow":["GET"]}}],"collection":[{"href":"http:\/\/argentinamunicipal.com.ar\/argentina\/wp-json\/wp\/v2\/posts"}],"about":[{"href":"http:\/\/argentinamunicipal.com.ar\/argentina\/wp-json\/wp\/v2\/types\/post"}],"author":[{"embeddable":true,"href":"http:\/\/argentinamunicipal.com.ar\/argentina\/wp-json\/wp\/v2\/users\/2"}],"replies":[{"embeddable":true,"href":"http:\/\/argentinamunicipal.com.ar\/argentina\/wp-json\/wp\/v2\/comments?post=129476"}],"version-history":[{"count":0,"href":"http:\/\/argentinamunicipal.com.ar\/argentina\/wp-json\/wp\/v2\/posts\/129476\/revisions"}],"wp:featuredmedia":[{"embeddable":true,"href":"http:\/\/argentinamunicipal.com.ar\/argentina\/wp-json\/wp\/v2\/media\/129477"}],"wp:attachment":[{"href":"http:\/\/argentinamunicipal.com.ar\/argentina\/wp-json\/wp\/v2\/media?parent=129476"}],"wp:term":[{"taxonomy":"category","embeddable":true,"href":"http:\/\/argentinamunicipal.com.ar\/argentina\/wp-json\/wp\/v2\/categories?post=129476"},{"taxonomy":"post_tag","embeddable":true,"href":"http:\/\/argentinamunicipal.com.ar\/argentina\/wp-json\/wp\/v2\/tags?post=129476"}],"curies":[{"name":"wp","href":"https:\/\/api.w.org\/{rel}","templated":true}]}}