{"id":129596,"date":"2022-09-20T06:12:58","date_gmt":"2022-09-20T09:12:58","guid":{"rendered":"http:\/\/argentinamunicipal.com.ar\/argentina\/?p=129596"},"modified":"2022-09-20T06:12:58","modified_gmt":"2022-09-20T09:12:58","slug":"los-caballitos-de-batalla-de-cinco-intendentes-mendocinos-que-coquetean-con-llegar-a-la-gobernacion","status":"publish","type":"post","link":"http:\/\/argentinamunicipal.com.ar\/argentina\/los-caballitos-de-batalla-de-cinco-intendentes-mendocinos-que-coquetean-con-llegar-a-la-gobernacion\/","title":{"rendered":"Los caballitos de batalla de cinco intendentes mendocinos que coquetean con llegar a la gobernaci\u00f3n"},"content":{"rendered":"<p>Tres intendentes del radicalismo, y tal vez dos del peronismo, podr\u00edan usar sus gestiones como trampol\u00edn para subirse a la carrera a la Casa de Gobierno. Una elecci\u00f3n en C\u00f3rdoba demostr\u00f3 que los votantes premiaron la gesti\u00f3n local<\/p>\n<p>La mira del votante siempre termina apuntando a la gesti\u00f3n.\u00a0Esa es la m\u00e1xima que repiten\u00a0intendentes radicales y peronistas por igual,\u00a0que aunque a\u00fan no lo admitan p\u00fablicamente, ya\u00a0coquetean con la idea de\u00a0medirse para ser gobernadores.\u00a0Saben que su principal vidriera ser\u00e1n los logros que capitalizaron en sus comunas y son esos caballitos de batalla los que est\u00e1n dispuestos a usar a la hora de meterse en la carrera.<\/p>\n<p>La elecci\u00f3n en la localidad cordobesa de Marcos Juarez del pasado domingo era municipal, pero el triunfo que pudo capitalizar all\u00ed Juntos por el Cambio tuvo un condimento especial porque se logr\u00f3 a pesar de que el gobernador peronista Juan Schiaretti despleg\u00f3 una fuerte campa\u00f1a para ganar ese distrito. La conclusi\u00f3n entonces fue que el votante privilegi\u00f3 la gesti\u00f3n del intendente Pedro Delarossa, que impuls\u00f3 a la triunfante Sara Majorel, con la que se sacaron fotos todos los popes nacionales, entre ellos Omar De Marchi.<\/p>\n<p>Esa demostraci\u00f3n electoral envalenton\u00f3 a algunos intendentes mendocinos que por estas horas comparan encuestas y recorren la provincia para convencer voluntades, mostrando los aciertos comunales que sue\u00f1an con provincializar.<\/p>\n<p>En esa carrera a la gobernaci\u00f3n para el 2023 el primero en anotarse fue el intendente de Las Heras,\u00a0Daniel Orozco, pero no es el \u00fanico radical con esas aspiraciones. Por su lado\u00a0Tadeo Garc\u00eda Zalazar,\u00a0presidente de la UCR e intendente de Godoy Cruz, hace un camino m\u00e1s silencioso pero no deja de moverse con la ilusi\u00f3n puesta en Casa de Gobierno.<\/p>\n<p>Otro que busca su camino es el citadino\u00a0Ulpiano Suarez,\u00a0que en un momento pareci\u00f3 bajarse de la competencia, pero que luego comenz\u00f3 a fortalecer sus m\u00fasculos pol\u00edticos y no parece dispuesto a abandonar antes de la largada. De hecho este viernes viaj\u00f3 a San Rafael, hist\u00f3rico basti\u00f3n peronista, a dar una charla sobre el plan de seguridad que implement\u00f3 en Ciudad.<\/p>\n<p>En el 2023 en el peronismo se dar\u00e1 un escenario in\u00e9dito. Tres de los 6 intendentes, Emir F\u00e9lix, Roberto Righi y Mart\u00edn Aveiro no podr\u00e1n volver a reelegirse y eso, al menos para un par de ellos, los \u00abinvita\u00bb a medirse en la disputa provincial.<\/p>\n<p>Si bien a\u00fan muchos juegan a las escondidas a la hora de asumir qu\u00e9 rol tendr\u00e1n en las pr\u00f3ximas elecciones, hay quienes aseguran que\u00a0F\u00e9lix ya hizo encuestas para conocer c\u00f3mo est\u00e1 posicionado\u00a0en la carrera provincial, aunque este mi\u00e9rcoles en S\u00e9ptimo D\u00eda el mismo cacique sure\u00f1o\u00a0se encarg\u00f3 de posicionar en esa candidatura a su par de Lavalle, Roberto Righi.<\/p>\n<p>Tiempo atr\u00e1s, el mismo Mart\u00edn Aveiro hab\u00eda asumido sus ilusiones de llegar al sill\u00f3n de San Mart\u00edn, pero esas ganas parecieron desvanecerse y hay quienes aseguran que el intendente tunuyanino eval\u00faa liderar la lista de concejales con la idea de traccionar y respaldar a quien eligi\u00f3 como pretenso sucesor, Emir Andraos. Eso en un potencial escenario de elecciones desdobladas que ya barajan varios jefes comunales del PJ.<\/p>\n<p>Los otros tres intendentes peronistas, se jugar\u00edan a buscar una reelecci\u00f3n, para la que est\u00e1n habilitados, no s\u00f3lo por tener una sola gesti\u00f3n en su haber, sino tambi\u00e9n porque han logrado posicionarse en sus comunas.<\/p>\n<p>As\u00ed las cosas, y pese a que no es intendente, la figura del\u00a0presidente del INV, Mart\u00edn Hinojosa parece ir cobrando fuerza\u00a0como un posible candidato que podr\u00eda reunir el respaldo de varias l\u00edneas internas del PJ. El tambi\u00e9n tunuyanino ya cuenta con el respaldo de la intendenta de Santa Rosa, Flor Dest\u00e9fanis que le puso su voto de confianza en 7D.<\/p>\n<p><strong>El plan de Orozco para \u00abmejorar, transformar y desarrollar\u00bb<\/strong><\/p>\n<p>Cuando Daniel Orozco se lanz\u00f3 como candidato a gobernador a principios de agosto, ante unos 250 invitados a una cena admiti\u00f3 que pretender\u00eda provincializar su plan de vivienda. Pero esa no es su \u00fanica carta para aproximarse a Casa de Gobierno, el jefe comunal que ya juega fuerte y se muestra acordando pol\u00edticas con otros gobernadores, como Sergio U\u00f1ac y Gerardo Morales, deline\u00f3 un plan que bautiz\u00f3 \u00abMTD\u00bb, las siglas de mejorar, transformar y desarrollar.<\/p>\n<p>\u00abYo pretendo\u00a0enfocarme en las problem\u00e1ticas tangibles de la gente: por eso quiero provincializar nuestra pol\u00edtica de vivienda, de agua y saneamiento y la de residuos s\u00f3lidos urbanos.\u00a0En materia de vivienda en Las Heras logramos un sistema de gesti\u00f3n p\u00fablico-privado en el que no intervino ninguna entidad financiera, entregamos 108 casas en un a\u00f1o y medio y no en 15 a\u00f1os como lo hacen otros planes\u00bb, precis\u00f3 Orozco, casi como un anticipo de lo que proyecta modificar en el Instituto Provincial de la Vivienda.<\/p>\n<p>Cuando habla de sus obras de agua, el jefe comunal lasherino pone sus expectativas en el plan por el cual, junto a la Naci\u00f3n avanzar\u00e1 con un acueducto que le llevar\u00e1 agua potable a unos 87.000 usuarios del piedemonte.<\/p>\n<p>Para mejorar el tratamiento de residuos s\u00f3lidos urbanos, Orozco proyecta lograr el financiamiento de una empresa alemana que en principio aportar\u00eda 100 millones de euros, y que vitrificar\u00e1 esos residuos para producir un pellet que es un CDR que al quemarse genera s\u00f3lo la mitad de las emisiones de CO2 aprovechando el carb\u00f3n elemental que contienen estos residuos.<\/p>\n<p><strong>\u00abUna gesti\u00f3n municipal moderna debe involucrarse en seguridad\u00bb<\/strong><br \/>\nAunque no lo admita abiertamente, el intendente de Ciudad, Ulpiano Suarez no solt\u00f3 completamente la idea de ser gobernador. Sin proclamarlo anticipadamente, recorre distintos departamentos y expone las pol\u00edticas que considera aciertos de su gesti\u00f3n.<\/p>\n<p>Cada vez que puede Ulpiano Suarez advierte que las ciudades modernas ya no se concentran s\u00f3lo en alumbrado, barrido y limpieza, aquel ABL de los 90, \u00e9stas gestiones actuales se involucran en la seguridad y el desarrollo econ\u00f3mico de sus comunas, entre otros tantos temas.<\/p>\n<p>Siguiendo esa l\u00f3gica, Suarez pondera sus\u00a0pol\u00edticas de gesti\u00f3n de triple impacto: con un eje en un plan de seguridad, otro en desarrollo econ\u00f3mico y otro en inclusi\u00f3n que contempla dotar de una mayor conectividad y una formaci\u00f3n digital masiva.<\/p>\n<p>\u00abLos municipios tenemos que involucrarnos en seguridad, porque eso tambi\u00e9n impacta en el desarrollo econ\u00f3mico del lugar. Nuestro plan no es s\u00f3lo poner preventores, eso se refuerza con un centro de visualizaci\u00f3n, con un sistema de tablero de gesti\u00f3n y con la participaci\u00f3n ciudadana en Ojos en alerta. Una comuna no puede desentenderse de eso, porque por cercan\u00eda somos los que m\u00e1s conocemos los problemas de cada sector, y es ah\u00ed donde tenemos que reforzarla. Eso adem\u00e1s de prevenir y reforzar por ejemplo las zonas tur\u00edsticas\u00bb, marc\u00f3, casi como repasando la charla que este viernes brind\u00f3 en San Rafael, justo en la comuna cuyo intendente, Emir F\u00e9lix, est\u00e1 convencido de que el sistema de preventores no funciona.<\/p>\n<p>Tan importante es para Ulpiano Suarez el aporte que cada comuna hace en materia de seguridad que lleg\u00f3 a ponerlo de condici\u00f3n para recibir la coparticipaci\u00f3n: \u00abel esfuerzo que cada comuna haga en materia de seguridad deber\u00eda ser par\u00e1metro para medir lo que reciba en coparticipaci\u00f3n. Eso ser\u00eda justo para los que se involucran en buscar que sus vecinos vivan m\u00e1s seguros\u00bb dispar\u00f3 el citadino.<\/p>\n<p><strong>Tadeo Garc\u00eda Zalazar provincializar\u00eda su mirada en \u00abinnovaci\u00f3n\u00bb<\/strong><br \/>\nLos que se dedican a analizar la pol\u00edtica puertas adentro de la comuna de Godoy Cruz aseguran que una buena gesti\u00f3n comunal es una condici\u00f3n necesaria, pero no suficiente para llegar a la gobernaci\u00f3n. Sin decirlo, saben que adem\u00e1s de comandar bien la intendencia necesitar\u00e1n de respaldo pol\u00edtico y popular en las urnas para que ese camino a la calle Peltier de Ciudad se allane.<\/p>\n<p>Por tanto, cuando les pide analizar qu\u00e9 pol\u00edticas comunales se podr\u00edan provincializar, eligen un concepto que aseguran es transversal en las medidas que aplicaron en esa comuna en los \u00faltimos 8 a\u00f1os: innovaci\u00f3n.<\/p>\n<p>\u00abInnovar para eficientizar es la clave\u00bb, comienza diciendo\u00a0Tadeo Garc\u00eda Zalazar\u00a0y se explaya: \u00abnosotros\u00a0innovamos en Salud y ya tenemos 9.000 historias cl\u00ednicas\u00a0que se pueden consultar en todos nuestros centros de salud y est\u00e1n disponibles tambi\u00e9n en los hospitales de la provincia. Eso mejora la atenci\u00f3n y reduce gastos, porque una persona puede atenderse en cualquier lugar y todos podr\u00e1n saber qu\u00e9 sufre y qu\u00e9 medicamentos necesita. Pero tambi\u00e9n lo aplicamos a Seguridad, con las alarmas comunitarias y en Educaci\u00f3n con nuestro Polo TIC,\u00a0de los que hay s\u00f3lo 7 en el pa\u00eds, y con Edutec, que funciona en 6 escuelas a las que hemos dotado de 400 notebook y les hemos dado conectividad\u00bb, puntu\u00f3.<\/p>\n<p>El intendente godoycruce\u00f1o tiene muy presente el dato de que en el 2030 habr\u00e1 80 millones de puestos vacantes de programadores en el mundo, y se ha propuesto capacitar en educaci\u00f3n digital a los chicos de su comuna, pensando en que a futuro algunos de ellos puedan asegurarse trabajo en esa \u00e1rea.<\/p>\n<p>Garc\u00eda Zalazar es de los pol\u00edticos que analiza cada paso que da, y antes de darlo eval\u00faa posibilidades. Tal vez por eso, por estos d\u00edas pidi\u00f3 una nueva encuesta para saber c\u00f3mo esta su imagen pol\u00edtica y c\u00f3mo crecen o decrecen la de sus potenciales adversarios. De esa informaci\u00f3n \u00abde manejo interno\u00bb tambi\u00e9n depender\u00e1n sus futuros movimientos pol\u00edticos.<\/p>\n<p><strong>El costoso gasoducto que tiene el sello de Emir F\u00e9lix<\/strong><br \/>\nEmir F\u00e9lix es esquivo cada vez que se lo consulta sobre su futuro pol\u00edtico. Tiene claro el potencial pol\u00edtico que durante 20 a\u00f1os construy\u00f3 en San Rafael junto a su hermano Omar, hoy diputado provincial, pero tambi\u00e9n sabe que para llegar a Casa de Gobierno tendr\u00e1 que hacer conocer su gesti\u00f3n en el resto de la provincia.<\/p>\n<p>Tal vez por eso ya pidi\u00f3 encuestas con el fin de saber qu\u00e9 tanto saben los mendocinos del Gran Mendoza y de otros o\u00e1sis de \u00e9l, qu\u00e9 fortalezas le conocen y qu\u00e9 debilidades le cuentan. Sin que lo haya difundido, hay quienes dicen que los n\u00fameros que recibi\u00f3 lo alientan.<\/p>\n<p>Entre tanto, el experimentado sure\u00f1o que supo reponerse de una neumon\u00eda que lo tuvo extremadamente grave por unos 60 d\u00edas, entiende que la vida le dio una revancha y parece dispuesto a explotarla al m\u00e1ximo. No tiene empacho en reclamarle m\u00e1s seguridad al gobernador Rodolfo Suarez y su ministro Ra\u00fal Levrino y a la par aprovecha su buena relaci\u00f3n en la Naci\u00f3n para\u00a0capitalizar la mayor obra de los \u00faltimos tiempos en su comuna: el gasoducto que le llevar\u00e1 servicio a unos 26.000 usuarios del Sur.<\/p>\n<p>\u00abLo esperamos por muchos a\u00f1os. El ex gobernador Alfredo Cornejo prometi\u00f3 hacerlo con fondos provinciales y no pas\u00f3, y despu\u00e9s de varias idas y vueltas logramos que la Naci\u00f3n lo financiara. Es una obra clave, no s\u00f3lo para los sanrafaelinos, tambi\u00e9n para los alvearenses que sufren la falta de gas envasado\u00bb, resalta el intendente.<\/p>\n<p>En esa obra la comuna tendr\u00e1 un gran protagonismo ya que si bien la Secretar\u00eda de Energ\u00eda de la Naci\u00f3n puso $2.133 millones le deriv\u00f3 a la comuna la ejecuci\u00f3n de la obra. De hecho, para ganarle a la inflaci\u00f3n con el adelanto de unos $560 millones F\u00e9lix compr\u00f3 1.800 toneladas de ca\u00f1os que fabric\u00f3 la empresa Tenaris, que pertenece al grupo Techint.<\/p>\n<p>Otra de las pol\u00edticas que F\u00e9lix provincializar\u00eda es\u00a0la exitosa pulpera municipal que funciona con cooperativas asociadas\u00a0desde el 2017. Esa pulpera en la temporada 2020-2021 triplic\u00f3 el procesamiento de materia prima y alcanz\u00f3 la cifra de 10,5 millones de kilos de materia prima, que en su mayor\u00eda termin\u00f3 en el mercado brasilero.<\/p>\n<p><strong>Roberto Righi descentralizar\u00eda Vialidad provincial y varios servicios esenciales<\/strong><br \/>\nEl lavallino Roberto Righi no se muestra como candidato, pero da la sensaci\u00f3n de que en el PJ son varios los que lo respaldar\u00edan si es que tomara la decisi\u00f3n p\u00fablicamente. Uno de ellos es su par de San Rafael, Emir F\u00e9lix, pero adem\u00e1s hay otros popes que valoran la gesti\u00f3n que el norte\u00f1o ha mantenido por m\u00e1s de 20 a\u00f1os en Lavalle.<\/p>\n<p>Righi ha hecho p\u00fablica m\u00e1s de una vez los padeceres que le tocan por estar alejado de la urbe y desde esa mirada, cada vez que se lo consulta,\u00a0propone descentralizar servicios, de manera de hacerlos m\u00e1s \u00e1giles y eficientes.<\/p>\n<p>\u00abHay que descentralizar los servicios y los presupuestos a las comunas.\u00a0Vialidad provincial podr\u00eda hacer mucho m\u00e1s si esa tarea las tuvieran los intendentes\u00a0que conocen el territorio y saben d\u00f3nde se necesita mejorar una ruta o una calle.\u00a0Lo mismo pasa con Transporte y con AYSAM. Yo soy de los que cree que en transporte deber\u00eda darse un sistema mixto que combine el pago por kil\u00f3metro recorrido, como se hace en el Gran Mendoza, con el pago por pasajero transportado como es en la ruralidad. De esa forma evitar\u00edamos que haya lugares alejados a los que los colectivos no llegan\u00bb, dice como para disparar algunas de las pol\u00edticas que le quitan el sue\u00f1o.<\/p>\n<p>Pero su pol\u00edtica de descrentralizaci\u00f3n no termina all\u00ed. Righi tambi\u00e9n propone que los intendentes se hagan cargo de asistir y controlar el funcionamiento de los Centros de Salud. Cree que es el camino para mejorar la atenci\u00f3n primaria, porque ser\u00eda el jefe comunal y su equipo quienes debieran dotarlos de equipamiento y personal para que aquella atenci\u00f3n fuese m\u00e1s eficiente.<\/p>\n<p>Pensando en atraer inversiones, el lavallino propuso crear una \u00abventanilla \u00fanica\u00bb, no s\u00f3lo para los tr\u00e1mites de ATM, sino para todo lo que deba gestionar aquel empresario que pretenda iniciar un inversi\u00f3n. \u00abHoy ese inversor deber hacer tr\u00e1mites en la comuna y pedir otras habilitaciones en la provincia, y entre una cosa y otra tarda dos a\u00f1os en promedio para poner una empresa a funcionar. Eso se tiene que cambiar si no queremos espantar inversiones s\u00f3lo por la burocracia que tenemos\u00bb, concluye.<\/p>\n<h6>Fuente: Uno<\/h6>\n","protected":false},"excerpt":{"rendered":"<p>Tres intendentes del radicalismo, y tal vez dos del peronismo, podr\u00edan usar sus gestiones como trampol\u00edn para subirse a la carrera a la Casa de Gobierno. Una elecci\u00f3n en C\u00f3rdoba demostr\u00f3 que los votantes premiaron la gesti\u00f3n local<\/p>\n","protected":false},"author":2,"featured_media":129597,"comment_status":"closed","ping_status":"closed","sticky":false,"template":"","format":"standard","meta":{"footnotes":""},"categories":[4],"tags":[31],"class_list":["post-129596","post","type-post","status-publish","format-standard","has-post-thumbnail","hentry","category-informe-politico","tag-mendoza"],"_links":{"self":[{"href":"http:\/\/argentinamunicipal.com.ar\/argentina\/wp-json\/wp\/v2\/posts\/129596","targetHints":{"allow":["GET"]}}],"collection":[{"href":"http:\/\/argentinamunicipal.com.ar\/argentina\/wp-json\/wp\/v2\/posts"}],"about":[{"href":"http:\/\/argentinamunicipal.com.ar\/argentina\/wp-json\/wp\/v2\/types\/post"}],"author":[{"embeddable":true,"href":"http:\/\/argentinamunicipal.com.ar\/argentina\/wp-json\/wp\/v2\/users\/2"}],"replies":[{"embeddable":true,"href":"http:\/\/argentinamunicipal.com.ar\/argentina\/wp-json\/wp\/v2\/comments?post=129596"}],"version-history":[{"count":0,"href":"http:\/\/argentinamunicipal.com.ar\/argentina\/wp-json\/wp\/v2\/posts\/129596\/revisions"}],"wp:featuredmedia":[{"embeddable":true,"href":"http:\/\/argentinamunicipal.com.ar\/argentina\/wp-json\/wp\/v2\/media\/129597"}],"wp:attachment":[{"href":"http:\/\/argentinamunicipal.com.ar\/argentina\/wp-json\/wp\/v2\/media?parent=129596"}],"wp:term":[{"taxonomy":"category","embeddable":true,"href":"http:\/\/argentinamunicipal.com.ar\/argentina\/wp-json\/wp\/v2\/categories?post=129596"},{"taxonomy":"post_tag","embeddable":true,"href":"http:\/\/argentinamunicipal.com.ar\/argentina\/wp-json\/wp\/v2\/tags?post=129596"}],"curies":[{"name":"wp","href":"https:\/\/api.w.org\/{rel}","templated":true}]}}