{"id":129699,"date":"2022-09-23T05:00:54","date_gmt":"2022-09-23T08:00:54","guid":{"rendered":"http:\/\/argentinamunicipal.com.ar\/argentina\/?p=129699"},"modified":"2022-09-22T18:52:17","modified_gmt":"2022-09-22T21:52:17","slug":"mendoza-santa-rosa-reabrio-la-paritaria-y-dio-un-nuevo-aumento-salarial-del-15-a-los-municipales","status":"publish","type":"post","link":"http:\/\/argentinamunicipal.com.ar\/argentina\/mendoza-santa-rosa-reabrio-la-paritaria-y-dio-un-nuevo-aumento-salarial-del-15-a-los-municipales\/","title":{"rendered":"Mendoza: Santa Rosa reabri\u00f3 la paritaria y dio un nuevo aumento salarial del 15% a los municipales"},"content":{"rendered":"<p>De esta manera el aumento salarial anual de los trabajadores municipales de Santa Rosa quedar\u00e1 en un 65%<\/p>\n<p>La Intendenta\u00a0Flor Dest\u00e9fanis\u00a0acord\u00f3 con los representantes sindicales un\u00a0aumento salarial\u00a0extra para los empleados de planta permanente y temporaria del 15% remunerativo por lo que\u00a0Santa Rosa\u00a0se convirti\u00f3 en el primer municipio de la provincia que convoca nuevamente a paritarias en el a\u00f1o.<\/p>\n<p>Este aumento salarial se sum\u00f3 al 12% ya otorgado, lo que hace un total del 27% para octubre, de esta manera la suba anual de los trabajadores municipales de Santa Rosa quedar\u00e1 en un 65%.<\/p>\n<p>Se acord\u00f3 tambi\u00e9n entre las partes una mejora salarial para los trabajadores contratados bajo la modalidad de horas c\u00e1tedras y entrega de indumentaria para el personal municipal.<\/p>\n<p>Flor Dest\u00e9fanis acord\u00f3 con los representantes sindicales un aumento salarial extra para los empleados de planta permanente y temporaria del 15%.<\/p>\n<p>La opini\u00f3n de Flor Dest\u00e9fanis sobre el aumento salarial<br \/>\n\u00abEstamos muy contentos porque con mucho esfuerzo hemos logrado un aumento importante que se ver\u00e1 adem\u00e1s reflejado todo junto en octubre. Es una forma de agradecerle todo lo que hacen por Santa Rosa, cada uno desde su lugar\u201d , afirm\u00f3 la intendenta.<\/p>\n<p>Durante la\u00a0negociaci\u00f3n salarial\u00a0estuvieron presentes los representantes de S.O.E.M., Santiago Mercado y Javier Ponce, y de ATE Rosa Videla junto a Nancy Trigo y Eloy Gim\u00e9nez.<\/p>\n<h6>Fuente: Uno<\/h6>\n","protected":false},"excerpt":{"rendered":"<p>De esta manera el aumento salarial anual de los trabajadores municipales de Santa Rosa quedar\u00e1 en un 65%<\/p>\n","protected":false},"author":2,"featured_media":129700,"comment_status":"closed","ping_status":"closed","sticky":false,"template":"","format":"standard","meta":{"footnotes":""},"categories":[7],"tags":[31],"class_list":["post-129699","post","type-post","status-publish","format-standard","has-post-thumbnail","hentry","category-informe-sindical","tag-mendoza"],"_links":{"self":[{"href":"http:\/\/argentinamunicipal.com.ar\/argentina\/wp-json\/wp\/v2\/posts\/129699","targetHints":{"allow":["GET"]}}],"collection":[{"href":"http:\/\/argentinamunicipal.com.ar\/argentina\/wp-json\/wp\/v2\/posts"}],"about":[{"href":"http:\/\/argentinamunicipal.com.ar\/argentina\/wp-json\/wp\/v2\/types\/post"}],"author":[{"embeddable":true,"href":"http:\/\/argentinamunicipal.com.ar\/argentina\/wp-json\/wp\/v2\/users\/2"}],"replies":[{"embeddable":true,"href":"http:\/\/argentinamunicipal.com.ar\/argentina\/wp-json\/wp\/v2\/comments?post=129699"}],"version-history":[{"count":0,"href":"http:\/\/argentinamunicipal.com.ar\/argentina\/wp-json\/wp\/v2\/posts\/129699\/revisions"}],"wp:featuredmedia":[{"embeddable":true,"href":"http:\/\/argentinamunicipal.com.ar\/argentina\/wp-json\/wp\/v2\/media\/129700"}],"wp:attachment":[{"href":"http:\/\/argentinamunicipal.com.ar\/argentina\/wp-json\/wp\/v2\/media?parent=129699"}],"wp:term":[{"taxonomy":"category","embeddable":true,"href":"http:\/\/argentinamunicipal.com.ar\/argentina\/wp-json\/wp\/v2\/categories?post=129699"},{"taxonomy":"post_tag","embeddable":true,"href":"http:\/\/argentinamunicipal.com.ar\/argentina\/wp-json\/wp\/v2\/tags?post=129699"}],"curies":[{"name":"wp","href":"https:\/\/api.w.org\/{rel}","templated":true}]}}