{"id":12970,"date":"2014-08-10T07:02:57","date_gmt":"2014-08-10T10:02:57","guid":{"rendered":"http:\/\/argentinamunicipal.com.ar\/argentina\/?p=12970"},"modified":"2014-08-08T09:04:53","modified_gmt":"2014-08-08T12:04:53","slug":"estamos-convencidos-que-rio-grande-es-el-lugar-para-el-dialogo-y-para-la-paz","status":"publish","type":"post","link":"http:\/\/argentinamunicipal.com.ar\/argentina\/estamos-convencidos-que-rio-grande-es-el-lugar-para-el-dialogo-y-para-la-paz\/","title":{"rendered":"\u201cEstamos convencidos que R\u00edo Grande es el lugar para el di\u00e1logo y para la paz\u201d"},"content":{"rendered":"<p><a href=\"http:\/\/argentinamunicipal.com.ar\/argentina\/wp-content\/uploads\/2014\/08\/53e292ddc6d31_724_407.jpg\"><img loading=\"lazy\" decoding=\"async\" class=\"aligncenter size-full wp-image-12971\" src=\"http:\/\/argentinamunicipal.com.ar\/argentina\/wp-content\/uploads\/2014\/08\/53e292ddc6d31_724_407.jpg\" alt=\"53e292ddc6d31_724_407!\" width=\"724\" height=\"407\" srcset=\"http:\/\/argentinamunicipal.com.ar\/argentina\/wp-content\/uploads\/2014\/08\/53e292ddc6d31_724_407.jpg 724w, http:\/\/argentinamunicipal.com.ar\/argentina\/wp-content\/uploads\/2014\/08\/53e292ddc6d31_724_407-300x168.jpg 300w\" sizes=\"auto, (max-width: 724px) 100vw, 724px\" \/><\/a><br \/>\nEl intendente Gustavo Melella dej\u00f3 formalmente inauguradas las jornadas \u201cDi\u00e1logos de R\u00edo Grande que se realizan por primera vez en la ciudad en el marco de la Resoluci\u00f3n de la Asamblea General de Naciones Unidas sobre Zona de Paz y Cooperaci\u00f3n del Atl\u00e1ntico Sur, y que convoca a representantes de Latinoam\u00e9rica y \u00c1frica comprendidos en el \u00e1mbito de influencia del Atl\u00e1ntico Sur.<\/p>\n<p>La ceremonia se realiz\u00f3 en la sala Angela Loig de la Casa de la Cultura y estuvo acompa\u00f1ada por la gobernadora Fabiana R\u00edos; el intendente de Ushuaia, Federico Sciurano; Legisladores provinciales, Concejales de la ciudad, representantes del Poder Judicial, de instituciones p\u00fablicas y privadas.<\/p>\n<p>Mientras que entre los dignatarios visitantes que se encuentra en la ciudad se cuenta con Antonio Tet\u00e9, Representante Permanente de la Uni\u00f3n Africana ante Naciones Unidas que nuclea a los 50 pa\u00edses del continente africano; Virginia Gamba, alta representante adjunta de la Oficina de Desarme de Naciones Unidas; Fernando Pati\u00f1o, asesor especializado de la ONU para su oficina UN-HABITAT (United Nations for Habitat); Enrique Loedel, de la canciller\u00eda uruguaya; entre otros representantes de Naciones Unidas, de pa\u00edses americanos y acad\u00e9micos de distintas especialidades como Juan Recce de la ONG \u2018Pueblos por Malvinas\u2019.<\/p>\n<p>\u201cQueremos desde este lugar hacer un llamamiento a la Paz, en este d\u00eda en que recordamos la bomba de Hidroshima y Nagasaki, hoy en que el Papa Francisco pide por la Paz en Franja de Gaza, pedimos por el desarme en Islas Malvinas. Hoy estamos proponiendo el di\u00e1logo, ofrecemos nuestro trabajo, de nuestra provincia, para colaborar con la Paz\u201d, indic\u00f3 el Intendente ante los presentes.<\/p>\n<p>\u201cEsperamos que los Di\u00e1logos de R\u00edo Grande nos sirvan para vivir mejor, pero que los pr\u00f3ximos a\u00f1os sigamos trabajando en cuestiones que nos unan\u201d, insisti\u00f3 el Jefe Comunal quien se esperanz\u00f3 que \u201cojala los Di\u00e1logo de R\u00edo Grande se puedan replicar en \u00c1frica, en todos lados, porque lo importante es que sigamos manteniendo y llamando a la Paz en el Atl\u00e1ntico Sur\u201d, abog\u00f3 el Profesor Melella.<\/p>\n<p>\u201cEstamos convencidos que R\u00edo Grande es el lugar para el di\u00e1logo y para la Paz. Para nosotros tambi\u00e9n es un compromiso hacia adentro de nuestra ciudad en todas nuestras actividades\u201d, consider\u00f3 el Intendente al tiempo que entendi\u00f3 que \u201cpara nuestros vecinos significan mucho estas jornadas, porque en los di\u00e1logos en las mesas de trabajo, se va a trabajar sobre inclusi\u00f3n social, sobre seguridad ciudadana, narcotr\u00e1fico, y por eso es bueno que en nuestra ciudad la ONU haga o\u00edr su voz sobre el narcotr\u00e1fico, porque es bueno sumar voces\u201d.<\/p>\n<p>El Intendente agradeci\u00f3 en la oportunidad al Ministerio del Interior que est\u00e1 acompa\u00f1ando el evento, tambi\u00e9n el respaldo del secretario de Asuntos Relativos a Malvinas, Daniel Filmus, y a la empresa Aerol\u00edneas Argentinas y de OSDE. Igualmente a los empleados municipales que trabajaron para la concreci\u00f3n de este evento.<br \/>\nLas ponencias de las jornadas se desarrollar\u00e1n este jueves en la sede de la Fundaci\u00f3n OSDE y estar\u00e1n a cargo de los representantes pol\u00edticos y diplom\u00e1ticos del pa\u00eds y el mundo, antes mencionados.<\/p>\n<h6>Fuente: Reporte Austral<\/h6>\n","protected":false},"excerpt":{"rendered":"<p>El intendente Gustavo Melella dej\u00f3 formalmente inauguradas las jornadas \u201cDi\u00e1logos de R\u00edo Grande que se realizan por primera vez en la ciudad en el marco de la Resoluci\u00f3n de la Asamblea General de Naciones Unidas sobre Zona de Paz y Cooperaci\u00f3n del Atl\u00e1ntico Sur, y que convoca a representantes de Latinoam\u00e9rica y \u00c1frica comprendidos en<\/p>\n","protected":false},"author":2,"featured_media":12971,"comment_status":"closed","ping_status":"closed","sticky":false,"template":"","format":"standard","meta":{"footnotes":""},"categories":[2],"tags":[34],"class_list":["post-12970","post","type-post","status-publish","format-standard","has-post-thumbnail","hentry","category-informe-municipal","tag-tierra-del-fuego"],"_links":{"self":[{"href":"http:\/\/argentinamunicipal.com.ar\/argentina\/wp-json\/wp\/v2\/posts\/12970","targetHints":{"allow":["GET"]}}],"collection":[{"href":"http:\/\/argentinamunicipal.com.ar\/argentina\/wp-json\/wp\/v2\/posts"}],"about":[{"href":"http:\/\/argentinamunicipal.com.ar\/argentina\/wp-json\/wp\/v2\/types\/post"}],"author":[{"embeddable":true,"href":"http:\/\/argentinamunicipal.com.ar\/argentina\/wp-json\/wp\/v2\/users\/2"}],"replies":[{"embeddable":true,"href":"http:\/\/argentinamunicipal.com.ar\/argentina\/wp-json\/wp\/v2\/comments?post=12970"}],"version-history":[{"count":0,"href":"http:\/\/argentinamunicipal.com.ar\/argentina\/wp-json\/wp\/v2\/posts\/12970\/revisions"}],"wp:featuredmedia":[{"embeddable":true,"href":"http:\/\/argentinamunicipal.com.ar\/argentina\/wp-json\/wp\/v2\/media\/12971"}],"wp:attachment":[{"href":"http:\/\/argentinamunicipal.com.ar\/argentina\/wp-json\/wp\/v2\/media?parent=12970"}],"wp:term":[{"taxonomy":"category","embeddable":true,"href":"http:\/\/argentinamunicipal.com.ar\/argentina\/wp-json\/wp\/v2\/categories?post=12970"},{"taxonomy":"post_tag","embeddable":true,"href":"http:\/\/argentinamunicipal.com.ar\/argentina\/wp-json\/wp\/v2\/tags?post=12970"}],"curies":[{"name":"wp","href":"https:\/\/api.w.org\/{rel}","templated":true}]}}