{"id":12991,"date":"2014-08-08T11:27:14","date_gmt":"2014-08-08T14:27:14","guid":{"rendered":"http:\/\/argentinamunicipal.com.ar\/argentina\/?p=12991"},"modified":"2014-08-08T11:27:14","modified_gmt":"2014-08-08T14:27:14","slug":"se-realizara-en-rosario-del-tala-el-1o-encuentro-de-arquitectos-municipalistas","status":"publish","type":"post","link":"http:\/\/argentinamunicipal.com.ar\/argentina\/se-realizara-en-rosario-del-tala-el-1o-encuentro-de-arquitectos-municipalistas\/","title":{"rendered":"Se realizar\u00e1 en Rosario del Tala el 1\u00ba Encuentro de Arquitectos Municipalistas"},"content":{"rendered":"<p><a href=\"http:\/\/argentinamunicipal.com.ar\/argentina\/wp-content\/uploads\/2014\/08\/Colegio-Arquitectos_61372_tapa_682014_9162.jpg\"><img loading=\"lazy\" decoding=\"async\" class=\"alignright wp-image-12992 size-full\" src=\"http:\/\/argentinamunicipal.com.ar\/argentina\/wp-content\/uploads\/2014\/08\/Colegio-Arquitectos_61372_tapa_682014_9162.jpg\" alt=\"Colegio Arquitectos_61372_tapa_682014_9162\" width=\"500\" height=\"706\" srcset=\"http:\/\/argentinamunicipal.com.ar\/argentina\/wp-content\/uploads\/2014\/08\/Colegio-Arquitectos_61372_tapa_682014_9162.jpg 500w, http:\/\/argentinamunicipal.com.ar\/argentina\/wp-content\/uploads\/2014\/08\/Colegio-Arquitectos_61372_tapa_682014_9162-212x300.jpg 212w\" sizes=\"auto, (max-width: 500px) 100vw, 500px\" \/><\/a>El 15 de agosto se llevar\u00e1 a cabo en Rosario del Tala, el \u201cPrimer Encuentro de Arquitectos Municipalistas\u201d, organizado por el Colegio de Arquitectos de Entre R\u00edos (Caper)a trav\u00e9s del Instituto de Estudios Territoriales (IET) \u2022 Dicho evento tiene el objeto de abordar las problem\u00e1ticas de las diferentes \u00e1reas vinculadas a la labor profesional y su consecuencia directa en las ciudades, informaron a APFDigital desde la instituci\u00f3n<\/p>\n<p>Desde el Caper consideraron que \u201ces de suma importancia la participaci\u00f3n de los profesionales vinculados al desarrollo de las actividades en los Municipios para optimizar la calidad de la prestaci\u00f3n de los servicios dirigidos a quienes ejercen la profesi\u00f3n, como as\u00ed tambi\u00e9n mejorar las condiciones laborales de quienes a diario conducen las tareas en el \u00e1mbito municipal\u201d.<\/p>\n<p>Asimismo indicaron que entre los temas a tratar se encuentran \u201cla incompatibilidad profesional, condiciones laborales, caratula municipal unificada, cartel de obra unificado y obligatorio y registro de constructores. Los contenidos propuestos se abordar\u00e1n bajo la modalidad de trabajo en taller\u201d.<\/p>\n<p>El evento, que cuenta con el auspicio de la Municipalidad de Rosario del Tala, se desarrollar\u00e1 en el Club Social Talense, ubicado en calle Roque S\u00e1enz Pe\u00f1a 330 de dicha ciudad.<\/p>\n<p><strong>\u2022 Programa<\/strong><\/p>\n<p>9:30 hs &#8211; Acreditaciones<\/p>\n<p>10:00 hs &#8211; Apertura a cargo de la Presidenta del Caper, Arq Mariana Melhem y el Intendente de Rosario del Tala, Dr. Oscar Orlando Rosetti.<\/p>\n<p>10:30hs &#8211; Mesas de Trabajo:<br \/>\nIncompatibilidad Profesional \/ Condiciones laborales<br \/>\nCaratula Municipal Unificada<br \/>\nCartel de obra unificado y obligatorio<br \/>\nRegistro de Constructores<\/p>\n<p>13:00hs &#8211; Almuerzo<\/p>\n<p>14:30hs &#8211; Mesas de Trabajo<\/p>\n<p>16:30hs \u2013 Conclusiones.<\/p>\n<h6>Fuente: APF Digital<\/h6>\n","protected":false},"excerpt":{"rendered":"<p>El 15 de agosto se llevar\u00e1 a cabo en Rosario del Tala, el \u201cPrimer Encuentro de Arquitectos Municipalistas\u201d, organizado por el Colegio de Arquitectos de Entre R\u00edos (Caper)a trav\u00e9s del Instituto de Estudios Territoriales (IET) \u2022 Dicho evento tiene el objeto de abordar las problem\u00e1ticas de las diferentes \u00e1reas vinculadas a la labor profesional y<\/p>\n","protected":false},"author":2,"featured_media":12992,"comment_status":"closed","ping_status":"closed","sticky":false,"template":"","format":"standard","meta":{"footnotes":""},"categories":[2],"tags":[17],"class_list":["post-12991","post","type-post","status-publish","format-standard","has-post-thumbnail","hentry","category-informe-municipal","tag-entre-rios"],"_links":{"self":[{"href":"http:\/\/argentinamunicipal.com.ar\/argentina\/wp-json\/wp\/v2\/posts\/12991","targetHints":{"allow":["GET"]}}],"collection":[{"href":"http:\/\/argentinamunicipal.com.ar\/argentina\/wp-json\/wp\/v2\/posts"}],"about":[{"href":"http:\/\/argentinamunicipal.com.ar\/argentina\/wp-json\/wp\/v2\/types\/post"}],"author":[{"embeddable":true,"href":"http:\/\/argentinamunicipal.com.ar\/argentina\/wp-json\/wp\/v2\/users\/2"}],"replies":[{"embeddable":true,"href":"http:\/\/argentinamunicipal.com.ar\/argentina\/wp-json\/wp\/v2\/comments?post=12991"}],"version-history":[{"count":0,"href":"http:\/\/argentinamunicipal.com.ar\/argentina\/wp-json\/wp\/v2\/posts\/12991\/revisions"}],"wp:featuredmedia":[{"embeddable":true,"href":"http:\/\/argentinamunicipal.com.ar\/argentina\/wp-json\/wp\/v2\/media\/12992"}],"wp:attachment":[{"href":"http:\/\/argentinamunicipal.com.ar\/argentina\/wp-json\/wp\/v2\/media?parent=12991"}],"wp:term":[{"taxonomy":"category","embeddable":true,"href":"http:\/\/argentinamunicipal.com.ar\/argentina\/wp-json\/wp\/v2\/categories?post=12991"},{"taxonomy":"post_tag","embeddable":true,"href":"http:\/\/argentinamunicipal.com.ar\/argentina\/wp-json\/wp\/v2\/tags?post=12991"}],"curies":[{"name":"wp","href":"https:\/\/api.w.org\/{rel}","templated":true}]}}