{"id":13000,"date":"2014-08-10T07:00:06","date_gmt":"2014-08-10T10:00:06","guid":{"rendered":"http:\/\/argentinamunicipal.com.ar\/argentina\/?p=13000"},"modified":"2014-08-08T11:40:23","modified_gmt":"2014-08-08T14:40:23","slug":"bariloche-integrara-la-red-argentina-de-municipios-frente-al-cambio-climatico","status":"publish","type":"post","link":"http:\/\/argentinamunicipal.com.ar\/argentina\/bariloche-integrara-la-red-argentina-de-municipios-frente-al-cambio-climatico\/","title":{"rendered":"Bariloche integrar\u00e1 la Red Argentina de Municipios frente al cambio clim\u00e1tico"},"content":{"rendered":"<p><a href=\"http:\/\/argentinamunicipal.com.ar\/argentina\/wp-content\/uploads\/2014\/08\/zurich-seguos-en-bariloche.jpg\"><img loading=\"lazy\" decoding=\"async\" class=\"aligncenter size-full wp-image-13001\" src=\"http:\/\/argentinamunicipal.com.ar\/argentina\/wp-content\/uploads\/2014\/08\/zurich-seguos-en-bariloche.jpg\" alt=\"zurich-seguos-en-bariloche\" width=\"670\" height=\"390\" srcset=\"http:\/\/argentinamunicipal.com.ar\/argentina\/wp-content\/uploads\/2014\/08\/zurich-seguos-en-bariloche.jpg 670w, http:\/\/argentinamunicipal.com.ar\/argentina\/wp-content\/uploads\/2014\/08\/zurich-seguos-en-bariloche-300x174.jpg 300w\" sizes=\"auto, (max-width: 670px) 100vw, 670px\" \/><\/a><\/p>\n<p>El concejal Leandro Lescano ser\u00e1 el representante por parte del Municipio de San Carlos de Bariloche ante la Red Argentina de Municipios frente al cambio clim\u00e1tico. La intendenta Mar\u00eda Eugenia Martini rubric\u00f3 la designaci\u00f3n esta semana, comprometi\u00e9ndose al desarrollo de pol\u00edticas p\u00fablicas dirigidas a mitigar las emisiones de gases de Efecto Invernadero y a tomar las medidas necesarias para la adaptaci\u00f3n del municipio al Cambio Clim\u00e1tico.<\/p>\n<p>La Red Municipal es un instrumento de coordinaci\u00f3n e impulso de las pol\u00edticas p\u00fablicas locales de lucha contra el cambio clim\u00e1tico de las ciudades y pueblos de la Argentina, donde se coordinan acciones locales, se socializan experiencias y se eval\u00faan los resultados de los programas que se desarrollan los municipios que la integran, tomando en cuenta los acuerdos internacionales (Protocolo de Kioto) y recomendaciones del IPPC. Tambi\u00e9n busca convertirse en en instrumento de apoyo t\u00e9cnico para los gobiernos locales, ofreci\u00e9ndoles herramientas que les permitan alcanzar un modelo de desarrollo sostenible.<\/p>\n<p>En la Argentina se han adherido 47 municipios, Bariloche ser\u00eda la segunda ciudad en R\u00edo Negro, luego de la Municipalidad de Ingeniero Jacobacci. De esta manera, la Red cuenta con presencia en 13 provincias de la Argentina, Buenos Aires, Santa Fe, C\u00f3rdoba, Misiones, Corrientes, Entre R\u00edos, R\u00edo Negro, La Pampa, San Luis, Catamarca, Tucum\u00e1n, Neuqu\u00e9n, y Mendoza.<\/p>\n<p>En el a\u00f1o 2013 se realiz\u00f3 la Asamblea Anual, eligi\u00e9ndose en dicha oportunidad se eligi\u00f3 la primera Coordinaci\u00f3n Nacional. Entre otras acciones se han realizado cuatro importantes campa\u00f1as como la Semana Argentina de la Movilidad Sostenible, la Campa\u00f1a Nacional de Forestaci\u00f3n, el Primer encuentro Nacional y conformaci\u00f3n de la Red de J\u00f3venes por el clima, y Diplomatura en Cambio Clim\u00e1tico y Desarrollo Sustentable.<\/p>\n<p>Entre las acciones que ya se han realizado en el Municipio de Bariloche con relaci\u00f3n al cuidado del medioambiente se destaca la prohibici\u00f3n del suministro de bolsas de polietileno en los supermercados y su reemplazo por otras de material reciclable, y que adem\u00e1s, como consecuencia se han generado puestos de trabajo con emprendedores locales, ya que se intermedi\u00f3 con las grandes cadenas para que se contratara mano de obra local para la confecci\u00f3n de dichos elementos. La ordenanza fue iniciativa del concejal Lescano. Por otro lado, se avanza con las obras para la remediaci\u00f3n del vertedero, que incluye la construcci\u00f3n de una planta de reciclado, con su correspondiente equipamiento, los trabajos de remediaci\u00f3n del basural, y la apertura del relleno sanitario, con una inversi\u00f3n de 90 millones de pesos. En la zona oeste de la ciudad se comenz\u00f3 con la recolecci\u00f3n clasificada de los residuos, siendo esto una prueba piloto que se extender\u00e1 gradualmente al resto de los barrios.<\/p>\n<h6>Fuente: ADN R\u00edo Negro<\/h6>\n","protected":false},"excerpt":{"rendered":"<p>El concejal Leandro Lescano ser\u00e1 el representante por parte del Municipio de San Carlos de Bariloche ante la Red Argentina de Municipios frente al cambio clim\u00e1tico. La intendenta Mar\u00eda Eugenia Martini rubric\u00f3 la designaci\u00f3n esta semana, comprometi\u00e9ndose al desarrollo de pol\u00edticas p\u00fablicas dirigidas a mitigar las emisiones de gases de Efecto Invernadero y a tomar<\/p>\n","protected":false},"author":2,"featured_media":13001,"comment_status":"closed","ping_status":"closed","sticky":false,"template":"","format":"standard","meta":{"footnotes":""},"categories":[2],"tags":[11],"class_list":["post-13000","post","type-post","status-publish","format-standard","has-post-thumbnail","hentry","category-informe-municipal","tag-rio-negro"],"_links":{"self":[{"href":"http:\/\/argentinamunicipal.com.ar\/argentina\/wp-json\/wp\/v2\/posts\/13000","targetHints":{"allow":["GET"]}}],"collection":[{"href":"http:\/\/argentinamunicipal.com.ar\/argentina\/wp-json\/wp\/v2\/posts"}],"about":[{"href":"http:\/\/argentinamunicipal.com.ar\/argentina\/wp-json\/wp\/v2\/types\/post"}],"author":[{"embeddable":true,"href":"http:\/\/argentinamunicipal.com.ar\/argentina\/wp-json\/wp\/v2\/users\/2"}],"replies":[{"embeddable":true,"href":"http:\/\/argentinamunicipal.com.ar\/argentina\/wp-json\/wp\/v2\/comments?post=13000"}],"version-history":[{"count":0,"href":"http:\/\/argentinamunicipal.com.ar\/argentina\/wp-json\/wp\/v2\/posts\/13000\/revisions"}],"wp:featuredmedia":[{"embeddable":true,"href":"http:\/\/argentinamunicipal.com.ar\/argentina\/wp-json\/wp\/v2\/media\/13001"}],"wp:attachment":[{"href":"http:\/\/argentinamunicipal.com.ar\/argentina\/wp-json\/wp\/v2\/media?parent=13000"}],"wp:term":[{"taxonomy":"category","embeddable":true,"href":"http:\/\/argentinamunicipal.com.ar\/argentina\/wp-json\/wp\/v2\/categories?post=13000"},{"taxonomy":"post_tag","embeddable":true,"href":"http:\/\/argentinamunicipal.com.ar\/argentina\/wp-json\/wp\/v2\/tags?post=13000"}],"curies":[{"name":"wp","href":"https:\/\/api.w.org\/{rel}","templated":true}]}}