{"id":130099,"date":"2022-10-04T05:00:16","date_gmt":"2022-10-04T08:00:16","guid":{"rendered":"http:\/\/argentinamunicipal.com.ar\/argentina\/?p=130099"},"modified":"2022-10-04T06:20:46","modified_gmt":"2022-10-04T09:20:46","slug":"el-crucial-convenio-que-firmaron-dos-municipios-para-transformar-un-sector-del-gran-mendoza","status":"publish","type":"post","link":"http:\/\/argentinamunicipal.com.ar\/argentina\/el-crucial-convenio-que-firmaron-dos-municipios-para-transformar-un-sector-del-gran-mendoza\/","title":{"rendered":"El crucial convenio que firmaron dos municipios para transformar un sector del Gran Mendoza"},"content":{"rendered":"<p>El Banco Interamericano de Desarrollo, la provincia, Las Heras y Ciudad acordaron reconvertir un predio compartido entre esos dos municipios, en un sector del ex Aeroparque.<\/p>\n<p>Esta ma\u00f1ana, en la Base C\u00f3ndor, se realiz\u00f3 un acto con el objetivo de avanzar en acciones para la transformaci\u00f3n del predio compartido entre la Ciudad de Mendoza (sector sur) y Las Heras (sector norte). Representantes de ambas comunas, junto con autoridades del BID y la provincia, fueron parte de esta firma de convenio que apunta a mejorar sustancialmente este sector ubicado al oeste de los dos mencionados departamentos.<\/p>\n<p>El evento cont\u00f3 con la presencia del representante en Argentina del\u00a0Banco Interamericano de Desarrollo\u00a0(BID),\u00a0Agust\u00edn Aguerre, el ministro de Planificaci\u00f3n e Infraestructura de la provincia,\u00a0Mario Isgr\u00f3; el intendente de la\u00a0Ciudad,\u00a0Ulpiano Suarez; su par de\u00a0Las Heras,\u00a0Daniel Orozco;\u00a0funcionarios del BID, de la provincia de\u00a0Mendoza\u00a0y de ambos municipios.<\/p>\n<p>Durante el acto, Mario Isgr\u00f3 hizo una cronolog\u00eda de c\u00f3mo se lleg\u00f3 a esta instancia: \u201dHace un tiempo atr\u00e1s surgi\u00f3 una inquietud por parte de Agust\u00edn Aguerre y el equipo del BID, para empezar a trabajar en un proyecto concreto que tuviera relaci\u00f3n con el futuro de las ciudades. Tomamos la propuesta con el gobernador y, si bien ya ven\u00edamos concretando acciones de car\u00e1cter social, de masterplan, de compartir proyectos con vecinos, eso nos permiti\u00f3 arrancar el trabajo que hoy est\u00e1 en proceso, desde una base que hab\u00eda sido estudiada con anterioridad y con la confirmaci\u00f3n de Agust\u00edn Aguerre, de apoyo e incentivo, seguimos avanzando en las acciones\u201d.<\/p>\n<p>Posteriormente, el representante del BID, Agust\u00edn Aguerre expres\u00f3: \u201cEs un d\u00eda de fiesta porque venir a Mendoza para los funcionarios del Banco es muy importante. Eso es porque se respira un aire de creatividad, de construcci\u00f3n y de dise\u00f1o de cosas, es un entorno espectacular y nos hace muy bien a todos. Hoy vamos a firmar un contrato por el que el Banco, la provincia y los municipios, nos asociamos para desarrollar este proyecto y porque adem\u00e1s nos pusimos de acuerdo en intentar dise\u00f1ar y so\u00f1ar la ciudad de futuro. La ciudad del futuro, adem\u00e1s de ocupar estos espacios que quedan, es no s\u00f3lo pensar en la infraestructura, sino en los servicios que los ciudadanos van a estar demandando en esta ciudades en los pr\u00f3ximos a\u00f1os. Estos son los desaf\u00edos que tenemos que encarar y hoy es el momento de hacerlo para que ma\u00f1ana podamos tenerlo. El Banco pondr\u00e1 el conocimiento y experiencia acumulada de muchos t\u00e9cnicos, junto con los de la provincia, las universidades y de los municipios, para que todo esto sea una realidad\u201d.<\/p>\n<p>Finalizando las exposiciones, el\u00a0intendente de Ciudad,\u00a0Ulpiano Suarez,\u00a0manifest\u00f3: \u201cEste es\u00a0un d\u00eda muy importante para los mendocinos, porque estamos en parte de un\u00a0proceso virtuoso, estamos hoy en este lugar que es\u00a0emblem\u00e1tico\u00a0para los departamentos de\u00a0Las Heras y la Ciudad, mostrando lo fundamental que es el\u00a0trabajo en equipo, articulado, el di\u00e1logo,\u00a0el acercamiento. En momentos tan dif\u00edciles, esto es una se\u00f1al de c\u00f3mo tenemos que encarar las cosas, trabajando juntos y poder planificar, ya que determinadas decisiones requieren de una\u00a0planificaci\u00f3n a mediano y largo plazo, lo cual, no es f\u00e1cil en nuestro pa\u00eds. Hablar de la ciudad de futuro es una buena se\u00f1al, pensar en la ciudad del 2050. Una ciudad donde usemos menos el auto, tiremos menos residuos, donde se haga un uso responsable del agua, esa ciudad del futuro donde el centro debe estar puesto en las personas\u00bb.<\/p>\n<p>Y agreg\u00f3: \u201cEsa mancha urbana, esa cicatriz que vemos hoy desde ac\u00e1, tenemos la gran responsabilidad de transformarla y que en el futuro se vea que toda la zona se transform\u00f3. En este sentido, tenemos hoy una\u00a0oportunidad\u00a0de planificar esa ciudad del futuro pensando siempre en las personas, un lugar donde se pueda vivir, trabajar, emprender, con calidad de vida. Estoy muy contento de ser parte de este momento hist\u00f3rico que tambi\u00e9n conlleva una gran responsabilidad, para concretar la\u00a0transformaci\u00f3n\u00a0de este espacio\u201d<\/p>\n<p>El convenio<br \/>\nComo cierre de las actividades, el representante en Argentina del\u00a0Banco Interamericano de Desarrollo, Agust\u00edn Aguerre, y Mario Isgr\u00f3, por parte de la provincia de\u00a0Mendoza, firmaron un convenio\u00a0\u00abFee for Service\u00bb\u00a0(Contrato para la Prestaci\u00f3n de Servicios Remunerados de Asesor\u00eda y Conocimiento) para el estudio de uso de suelo, m\u00e1ster plan y proyectos estrat\u00e9gicos en el predio ex\u00a0Aeroparque.\u00a0Este\u00a0acuerdo\u00a0pone en colaboraci\u00f3n los esfuerzos y\u00a0los equipos del\u00a0BID\u00a0y del estado provincial.<\/p>\n<h6>Fuente: MDZ Online<\/h6>\n","protected":false},"excerpt":{"rendered":"<p>El Banco Interamericano de Desarrollo, la provincia, Las Heras y Ciudad acordaron reconvertir un predio compartido entre esos dos municipios, en un sector del ex Aeroparque.<\/p>\n","protected":false},"author":2,"featured_media":130100,"comment_status":"closed","ping_status":"closed","sticky":false,"template":"","format":"standard","meta":{"footnotes":""},"categories":[2],"tags":[31],"class_list":["post-130099","post","type-post","status-publish","format-standard","has-post-thumbnail","hentry","category-informe-municipal","tag-mendoza"],"_links":{"self":[{"href":"http:\/\/argentinamunicipal.com.ar\/argentina\/wp-json\/wp\/v2\/posts\/130099","targetHints":{"allow":["GET"]}}],"collection":[{"href":"http:\/\/argentinamunicipal.com.ar\/argentina\/wp-json\/wp\/v2\/posts"}],"about":[{"href":"http:\/\/argentinamunicipal.com.ar\/argentina\/wp-json\/wp\/v2\/types\/post"}],"author":[{"embeddable":true,"href":"http:\/\/argentinamunicipal.com.ar\/argentina\/wp-json\/wp\/v2\/users\/2"}],"replies":[{"embeddable":true,"href":"http:\/\/argentinamunicipal.com.ar\/argentina\/wp-json\/wp\/v2\/comments?post=130099"}],"version-history":[{"count":0,"href":"http:\/\/argentinamunicipal.com.ar\/argentina\/wp-json\/wp\/v2\/posts\/130099\/revisions"}],"wp:featuredmedia":[{"embeddable":true,"href":"http:\/\/argentinamunicipal.com.ar\/argentina\/wp-json\/wp\/v2\/media\/130100"}],"wp:attachment":[{"href":"http:\/\/argentinamunicipal.com.ar\/argentina\/wp-json\/wp\/v2\/media?parent=130099"}],"wp:term":[{"taxonomy":"category","embeddable":true,"href":"http:\/\/argentinamunicipal.com.ar\/argentina\/wp-json\/wp\/v2\/categories?post=130099"},{"taxonomy":"post_tag","embeddable":true,"href":"http:\/\/argentinamunicipal.com.ar\/argentina\/wp-json\/wp\/v2\/tags?post=130099"}],"curies":[{"name":"wp","href":"https:\/\/api.w.org\/{rel}","templated":true}]}}