{"id":130277,"date":"2022-10-11T06:17:01","date_gmt":"2022-10-11T09:17:01","guid":{"rendered":"http:\/\/argentinamunicipal.com.ar\/argentina\/?p=130277"},"modified":"2022-10-11T06:17:01","modified_gmt":"2022-10-11T09:17:01","slug":"dos-legisladoras-ya-se-posicionan-en-el-camino-electoral-al-sillon-de-la-intendencia-de-ciudad-de-mendoza","status":"publish","type":"post","link":"http:\/\/argentinamunicipal.com.ar\/argentina\/dos-legisladoras-ya-se-posicionan-en-el-camino-electoral-al-sillon-de-la-intendencia-de-ciudad-de-mendoza\/","title":{"rendered":"Dos legisladoras ya se posicionan en el camino electoral al sill\u00f3n de la intendencia de Ciudad de Mendoza"},"content":{"rendered":"<p>Una reciente encuesta lo puso al intendente citadino, Ulpiano Suarez como el de m\u00e1s intenci\u00f3n de voto a la gobernaci\u00f3n, si Alfredo Cornejo no compitiese. En ese escenario son varios los radicales que ven a dos legisladoras como las apuestas m\u00e1s fuertes para darle continuidad a esa gesti\u00f3n radical<\/p>\n<p>Ulpiano Suarez se ha corrido varias veces de la posibilidad de ser candidato a gobernador, insistiendo en que su apuesta es a su gesti\u00f3n como intendente. Sin embargo, una\u00a0reciente encuesta de Martha Reale,\u00a0que sonde\u00f3 intenci\u00f3n a voto\u00a0lo mostr\u00f3 como el m\u00e1s elegido si Alfredo Cornejo no compitiese. Evaluando ese escenario pol\u00edtico, ya\u00a0hay estrategas que posicionaron a dos conocidas legisladoras que podr\u00edan ser sus sucesoras.<\/p>\n<p>Como buen atleta, Ulpiano Suarez sabe que corre con varias ventajas mirando la meta del 2023. No s\u00f3lo es el sobrino del gobernador, sino que al ser el jefe comunal de Ciudad, tiene una vidriera que otros pares no tienen. Adem\u00e1s, est\u00e1 transitando su primera gesti\u00f3n, por lo que podr\u00eda buscar una reelecci\u00f3n m\u00e1s, algo que les est\u00e1 prohibido al menos a dos de sus posibles, contrincantes, Daniel Orozco y Tadeo Garc\u00eda Zalazar, que forzosamente deber\u00e1n dejar sus intendencias el pr\u00f3ximo a\u00f1o y buscar otros horizontes.<br \/>\nEs precisamente esa posibilidad la que le permite especular con decir p\u00fablicamente que quiere ser candidato a gobernador, y dilatar los tiempos, al menos hasta que Cornejo defina si va a volver a competir en Mendoza, o si por el contrario se quedar\u00e1 a dar batalla a nivel nacional.<\/p>\n<p>Sin embargo, y aunque no lo acepte, el intendente citadino recorre la provincia mostrando los aciertos de su gesti\u00f3n y fantasea con que en el 2023 un Suarez le deje el sill\u00f3n de San Mart\u00edn a otro Suarez, como fue en el 2019 en la comuna de Ciudad.<\/p>\n<p>En ese esquema, y con la mira puesta en qui\u00e9n podr\u00eda sucederlo, son\u00a0varios los radicales que ubican en esa l\u00ednea sucesoria a dos legisladoras: la senadora nacional Mariana Juri y la presidenta provisional del Senado, Natacha Eisenchals.<\/p>\n<p>Otros, m\u00e1s reacios a pensar en ese escenario de una posible candidatura de Ulpiano Suarez, aseguran que \u00absiempre queda bien posicionar a mujeres\u00bb, pero a la vez evitan poner todas sus cartas en la mesa a la hora de nombrar a alg\u00fan sucesor del equipo del intendente.<\/p>\n<p><strong>Mariana Juri, la radical que surgi\u00f3 del semillero de Ciudad<\/strong><br \/>\nCuando se la nombra a\u00a0Mariana Juri\u00a0en la comuna de capital, los m\u00e1s memoriosos recuerdan que la senadora nacional\u00a0es del semillero de esa intendencia.<\/p>\n<p>Es que la alvearense, comparti\u00f3 gesti\u00f3n con tres referentes que como ella arrancaron sus gestiones en esa intendencia: Roberto Iglesias, V\u00edctor Fayad y el mismo gobernador Rodolfo Suarez.<\/p>\n<p>Con una vasta trayectoria en la espalda, que forj\u00f3 siendo directora de Promoci\u00f3n Tur\u00edstica, ministra de esa cartera en la gesti\u00f3n de Julio Cobos y en la de Suarez, y legisladora nacional dos veces,\u00a0Juri tiene un nivel de conocimiento que muy pocos pueden ostentar.<\/p>\n<p>\u00abA ella le juega a favor ese nivel de visibilidad y de conocimiento que tiene.\u00a0Con Juri no habr\u00eda que hacer esa tarea de posicionamiento que se hace en toda campa\u00f1a,\u00a0porque el vecino de Ciudad la identifica y la asocia a las gestiones por las que pas\u00f3\u00bb, admite uno de los estrategas que es el encargado de analizar todas las variables electorales para asegurar la continuidad de gesti\u00f3n en ese basti\u00f3n hist\u00f3ricamente radical. De hecho, la misma Juri conserva la visibilidad de haber protagonizado la \u00faltima campa\u00f1a junto a Cornejo en el 2021 cuando se postularon para las bancas de senadores que hoy ocupan.<\/p>\n<p>En\u00a0el entorno de la misma Juri no avalan, pero tampoco niegan que la posibilidad de ser intendenta de Ciudad no la seduzca.\u00a0S\u00f3lo se encargan de resaltar que pese a estar abocada a los menesteres del Congreso, la senadora nacional\u00a0no deja de marcar presencia en la agenda provincial,\u00a0opinando y militando muchos de los temas de la coyuntura.<\/p>\n<p>Hay quienes aseguran que una de las obsesiones de la senadora, es justamente que la opini\u00f3n p\u00fablica la vea as\u00ed de activa en ambos escenarios, el nacional y el local.<\/p>\n<p>De hecho, entre otros tantos temas se meti\u00f3 en la puja con los gremios de los empleados estatales por los aumentos que reclamaban a la gesti\u00f3n de Suarez, y recientemente se encarg\u00f3 de destacar las \u00abcualidades\u00bb del Presupuesto 2023 que present\u00f3 gobernador como \u00abel equilibrio en las cuentas y la baja de impuestos\u00bb, y los contrast\u00f3 con la gesti\u00f3n de Alberto Fern\u00e1ndez \u00abque cre\u00f3 y\/o aument\u00f3 22 impuestos\u00bb.<\/p>\n<p><strong>La primera presidenta provisional del Senado tambi\u00e9n es citadina<\/strong><br \/>\nNatacha Eisenchals,\u00a0es hoy la tercera autoridad de la provincia, ya que en mayo de este a\u00f1o reemplaz\u00f3 a Juan Carlos Jaliff como\u00a0Presidenta Provisional del Senado.\u00a0Pero antes de desembarcar en la Legislatura, ella tambi\u00e9n tuvo sus primeros cargos en pol\u00edtica en Ciudad y\u00a0creci\u00f3 al amparo de figuras como Ra\u00fal Vicchi y V\u00edctor Fayad.<\/p>\n<p>Desde 1999 en adelante, Eisenchals que comenz\u00f3 su militancia en la Franja Morada, pas\u00f3 de la direcci\u00f3n de prensa a ser luego concejal en la gesti\u00f3n del Viti y m\u00e1s tarde, en la intendencia de Rodolfo Suarez, fue su Secretaria de Gobierno. Ese cargo habr\u00eda sido el trampol\u00edn para que luego, el equipo suarista la considerara como el mejor cuadro para reemplazar al hist\u00f3rico Jaliff.<\/p>\n<p>Quienes la rodean aseguran que m\u00e1s all\u00e1 de que en su ADN est\u00e1 la pol\u00edtica militante, y que durante muchos a\u00f1os estuvo en la trinchera de la pol\u00edtica territorial, ahora est\u00e1 lejos de ilusionarse con una candidatura a la intendencia.<\/p>\n<p>\u00abSu rol est\u00e1 en las negociaciones de los proyectos que el Ejecutivo pretende impulsar en la Legislatura. Ella tiene buen di\u00e1logo hacia adentro del bloque, pero tambi\u00e9n con varios referentes de la oposici\u00f3n y en ese lugar est\u00e1 creciendo, no habr\u00eda raz\u00f3n para sacarla en este momento de ah\u00ed\u00bb, aseguran quienes ven c\u00f3mo se mueven las piezas del oficialismo en todo el entramado de poder.<\/p>\n<p><strong>Mart\u00edn Sevilla podr\u00eda dar una segunda batalla en Ciudad<\/strong><br \/>\nMart\u00edn Sevilla, el actual titular del PAMI\u00a0en Mendoza, fue en el 2019 la apuesta del PJ para dar pelea en Ciudad. Sin embargo, en aquellos comicios perdi\u00f3 la contienda ya que s\u00f3lo logr\u00f3 el apoyo del 24,9% de los votantes citadinos, y cay\u00f3 ante Ulpiano Suarez que se qued\u00f3 con el 63,6% de los sufragios.<\/p>\n<p>Sin embargo, a 8 meses de las pr\u00f3ximas PASO en la provincia, Sevilla vuelve a ser el m\u00e1s considerado en el Frente de Todos para la pr\u00f3xima batalla electoral.<\/p>\n<p>Hace unas semanas atr\u00e1s, el referente del PAMI le sali\u00f3 al cruce al intendente en la\u00a0discusi\u00f3n por las obras que prev\u00e9 hacer en las calles Irigoyen y Brasil.\u00a0Luego de que trascendiera que esas obras de reconstrucci\u00f3n total de la calzada de hormig\u00f3n, veredas y acequias y rampas peatonales tardar\u00edan 18 meses,\u00a0la senadora del PJ, Cecilia Juri present\u00f3 un proyecto para que a los frentistas se los eximiera de pagar Ingresos Brutos y tasas municipales mientras se conclu\u00eda la obra que les impedir\u00eda desarrollar sus negocios.<\/p>\n<p>En medio de ese debate Ulpiano Suarez y Tadeo Garc\u00eda Zalazar emitieron un comunicado en el que aseguraban tener ordenanzas que exim\u00edan de pagar tasas a los vecinos afectados, y de paso mandaron a la legisladora y a un par de concejales, a leer las normas vigentes.<\/p>\n<p>En esa pelea\u00a0se meti\u00f3 el mismo Sevilla, quien respald\u00f3 a la senadora, y public\u00f3 una carta destinada al intendente de Ciudad titulada \u00abLa soberbia es mala consejera\u00bb. En esa misiva marcaba la \u201cintolerancia y virulencia de la respuesta\u00a0y el tono despectivo de la contestaci\u00f3n\u00bb y remarcaba la \u00abfalta de escucha y la ausencia de di\u00e1logo exhibida por el Intendente capitalino\u00a0nos ha costado muy caro a los vecinos de ciudad. El hecho m\u00e1s reciente es la malograda ciclov\u00eda de la calle Mart\u00ednez de Rosas\u201c.<\/p>\n<p>La intervenci\u00f3n de Sevilla en esta contienda, fue lo que varios leyeron como una muestra de que el titular del PAMI pretende fortalecer su m\u00fasculo pol\u00edtico y volver a dar pelea por la comuna citadina.<\/p>\n<p>De hecho, desde el entorno del titular del PAMI adelantaron que hay un equipo trabajando en lo que podr\u00eda ser una propuesta de gobierno, que por estos d\u00edas se consens\u00faa hacia adentro del PJ capitalino.<\/p>\n<h6>Fuente: Uno<\/h6>\n","protected":false},"excerpt":{"rendered":"<p>Una reciente encuesta lo puso al intendente citadino, Ulpiano Suarez como el de m\u00e1s intenci\u00f3n de voto a la gobernaci\u00f3n, si Alfredo Cornejo no compitiese.<\/p>\n","protected":false},"author":2,"featured_media":130278,"comment_status":"closed","ping_status":"closed","sticky":false,"template":"","format":"standard","meta":{"footnotes":""},"categories":[4],"tags":[31],"class_list":["post-130277","post","type-post","status-publish","format-standard","has-post-thumbnail","hentry","category-informe-politico","tag-mendoza"],"_links":{"self":[{"href":"http:\/\/argentinamunicipal.com.ar\/argentina\/wp-json\/wp\/v2\/posts\/130277","targetHints":{"allow":["GET"]}}],"collection":[{"href":"http:\/\/argentinamunicipal.com.ar\/argentina\/wp-json\/wp\/v2\/posts"}],"about":[{"href":"http:\/\/argentinamunicipal.com.ar\/argentina\/wp-json\/wp\/v2\/types\/post"}],"author":[{"embeddable":true,"href":"http:\/\/argentinamunicipal.com.ar\/argentina\/wp-json\/wp\/v2\/users\/2"}],"replies":[{"embeddable":true,"href":"http:\/\/argentinamunicipal.com.ar\/argentina\/wp-json\/wp\/v2\/comments?post=130277"}],"version-history":[{"count":0,"href":"http:\/\/argentinamunicipal.com.ar\/argentina\/wp-json\/wp\/v2\/posts\/130277\/revisions"}],"wp:featuredmedia":[{"embeddable":true,"href":"http:\/\/argentinamunicipal.com.ar\/argentina\/wp-json\/wp\/v2\/media\/130278"}],"wp:attachment":[{"href":"http:\/\/argentinamunicipal.com.ar\/argentina\/wp-json\/wp\/v2\/media?parent=130277"}],"wp:term":[{"taxonomy":"category","embeddable":true,"href":"http:\/\/argentinamunicipal.com.ar\/argentina\/wp-json\/wp\/v2\/categories?post=130277"},{"taxonomy":"post_tag","embeddable":true,"href":"http:\/\/argentinamunicipal.com.ar\/argentina\/wp-json\/wp\/v2\/tags?post=130277"}],"curies":[{"name":"wp","href":"https:\/\/api.w.org\/{rel}","templated":true}]}}