{"id":130321,"date":"2022-10-12T04:38:21","date_gmt":"2022-10-12T07:38:21","guid":{"rendered":"http:\/\/argentinamunicipal.com.ar\/argentina\/?p=130321"},"modified":"2022-10-11T20:40:45","modified_gmt":"2022-10-11T23:40:45","slug":"mendoza-denuncian-al-intendente-de-general-san-martin","status":"publish","type":"post","link":"http:\/\/argentinamunicipal.com.ar\/argentina\/mendoza-denuncian-al-intendente-de-general-san-martin\/","title":{"rendered":"Mendoza: denuncian al intendente de General San Mart\u00edn"},"content":{"rendered":"<p>En la provincia de Mendoza, se radic\u00f3 una denuncia penal contra el Intendente de Cambiemos, del Departamento de General San Mart\u00edn, Ra\u00fal Rufeil, por inaugurar una red de agua potable en los distritos rurales de El Central y Tres Porte\u00f1as, sin contar con los estudios que acreditan que el agua era apta para el consumo.<\/p>\n<p>La denuncia la present\u00f3 el dirigente del peronismo, Rub\u00e9n Cuello que se\u00f1al\u00f3: \u201cAl d\u00eda de hoy, el intendente sigue promoviendo el consumo del agua de esta red a trav\u00e9s de la comunicaci\u00f3n oficial y sigue suministrando agua a la poblaci\u00f3n, omitiendo advertir sobre la posible contaminaci\u00f3n del pozo o la red, las repetidas purgas que la comuna lleva realizada debido a la contaminaci\u00f3n de la red, los cambios de ca\u00f1os da\u00f1ados, el deficiente clorado del agua que viene constatando el EPAS (Ente regulador provincial), as\u00ed como los desperfectos del tablero y la bomba dosificadora de cloro que asiste al pozo, entre otras circunstancias que afectan el funcionamiento del pozo y la red, y que subsisten hasta el d\u00eda de la fecha, afectando diariamente a los vecinos\u201d.<\/p>\n<p>Asimismo el dirigente afirm\u00f3: \u201cEs importante destacar que el intendente es m\u00e9dico y sabe muy bien cu\u00e1les son las consecuencias que trae para la salud de las personas, tomar agua contaminada. Rufeil abri\u00f3 el grifo a 300 familias, sin saber si el agua era potable. Es una total irresponsabilidad y falta de sensibilidad. Como funcionario p\u00fablico y como m\u00e9dico\u201d.<\/p>\n<p>A su vez indic\u00f3 que \u201chace m\u00e1s de dos meses que venimos reclamando, denunciando p\u00fablicamente junto a los vecinos y vecinas de esta comunidad, que necesitan una respuesta y ni siquiera han sido atendidos por el Intendente. Tenemos la obligaci\u00f3n de denunciar penalmente todas estas irregularidades para que la justicia investigue y se sepa la verdad\u201d.<\/p>\n<p>La denuncia penal contra el intendente Rufeil se radic\u00f3 en la Fiscal\u00eda de Instrucci\u00f3n de la Ciudad de San Mart\u00edn y fue acompa\u00f1ada por la Concejala Silvina Ag\u00fcero y la senadora provincial Florencia Canali.<\/p>\n<p>\u201cLos vecinos y vecinas siguen viviendo una situaci\u00f3n de maltrato y de peligro porque el intendente hasta el d\u00eda de hoy no dio la cara, ni explic\u00f3 absolutamente nada al respecto, por el contrario ha ocultado lo que est\u00e1 sucediendo y sigue promoviendo que la gente tome esa agua. Ya hay varios casos de enterocolitis aguda por el consumo del agua de la red inaugurada. Esto es grave, por eso entendemos que la Justicia debe investigar y se deben tomar medidas urgentes para garantizar la salud de la poblaci\u00f3n\u201d, asever\u00f3 el dirigente peronista Rub\u00e9n Cuello.<\/p>\n<h6>Fuente: P\u00e1gina 12<\/h6>\n","protected":false},"excerpt":{"rendered":"<p>En la provincia de Mendoza, se radic\u00f3 una denuncia penal contra el Intendente de Cambiemos, del Departamento de General San Mart\u00edn, Ra\u00fal Rufeil, por inaugurar una red de agua potable en los distritos rurales de El Central y Tres Porte\u00f1as, sin contar con los estudios que acreditan que el agua era apta para el consumo.<\/p>\n","protected":false},"author":2,"featured_media":130322,"comment_status":"closed","ping_status":"closed","sticky":false,"template":"","format":"standard","meta":{"footnotes":""},"categories":[4],"tags":[31],"class_list":["post-130321","post","type-post","status-publish","format-standard","has-post-thumbnail","hentry","category-informe-politico","tag-mendoza"],"_links":{"self":[{"href":"http:\/\/argentinamunicipal.com.ar\/argentina\/wp-json\/wp\/v2\/posts\/130321","targetHints":{"allow":["GET"]}}],"collection":[{"href":"http:\/\/argentinamunicipal.com.ar\/argentina\/wp-json\/wp\/v2\/posts"}],"about":[{"href":"http:\/\/argentinamunicipal.com.ar\/argentina\/wp-json\/wp\/v2\/types\/post"}],"author":[{"embeddable":true,"href":"http:\/\/argentinamunicipal.com.ar\/argentina\/wp-json\/wp\/v2\/users\/2"}],"replies":[{"embeddable":true,"href":"http:\/\/argentinamunicipal.com.ar\/argentina\/wp-json\/wp\/v2\/comments?post=130321"}],"version-history":[{"count":0,"href":"http:\/\/argentinamunicipal.com.ar\/argentina\/wp-json\/wp\/v2\/posts\/130321\/revisions"}],"wp:featuredmedia":[{"embeddable":true,"href":"http:\/\/argentinamunicipal.com.ar\/argentina\/wp-json\/wp\/v2\/media\/130322"}],"wp:attachment":[{"href":"http:\/\/argentinamunicipal.com.ar\/argentina\/wp-json\/wp\/v2\/media?parent=130321"}],"wp:term":[{"taxonomy":"category","embeddable":true,"href":"http:\/\/argentinamunicipal.com.ar\/argentina\/wp-json\/wp\/v2\/categories?post=130321"},{"taxonomy":"post_tag","embeddable":true,"href":"http:\/\/argentinamunicipal.com.ar\/argentina\/wp-json\/wp\/v2\/tags?post=130321"}],"curies":[{"name":"wp","href":"https:\/\/api.w.org\/{rel}","templated":true}]}}