{"id":130424,"date":"2022-10-14T05:15:38","date_gmt":"2022-10-14T08:15:38","guid":{"rendered":"http:\/\/argentinamunicipal.com.ar\/argentina\/?p=130424"},"modified":"2022-10-13T20:38:38","modified_gmt":"2022-10-13T23:38:38","slug":"lanzaron-en-cordoba-el-programa-fomento-empleo-industrial-para-crear-2-000-empleos","status":"publish","type":"post","link":"http:\/\/argentinamunicipal.com.ar\/argentina\/lanzaron-en-cordoba-el-programa-fomento-empleo-industrial-para-crear-2-000-empleos\/","title":{"rendered":"Lanzaron en C\u00f3rdoba el programa \u201cFomento Empleo Industrial\u201d para crear 2.000 empleos"},"content":{"rendered":"<p>El gobernador Juan Schiaretti, present\u00f3 este jueves el programa cuyo objetivo es promover la inserci\u00f3n laboral de 2.000 nuevos trabajadores y trabajadoras en las Pymes cordobesas.<\/p>\n<p>El gobernador de C\u00f3rdoba, Juan Schiaretti, present\u00f3 este jueves el programa \u201cFomento Empleo Industrial\u201d, cuyo objetivo es promover la inserci\u00f3n laboral de 2.000 nuevos trabajadores y trabajadoras en las industrias Pymes cordobesas.<\/p>\n<p>Esta iniciativa\u00a0brinda a las industrias un subsidio para cada nuevo personal que se incorpore en las empresas, y un acompa\u00f1amiento para su formaci\u00f3n, con la finalidad de elevar sus capacidades e incrementar sus est\u00e1ndares de conocimientos y productividad laboral. Por su parte,\u00a0las industrias se comprometen a sostener los puestos de trabajo durante 24 meses.<\/p>\n<p>Esta acci\u00f3n est\u00e1 dirigida a todas las Pymes de C\u00f3rdoba que se encuentren comprendidas en las categor\u00edas peque\u00f1as y medianas empresas -de acuerdo a la clasificaci\u00f3n dada por la Secretar\u00eda de la Peque\u00f1a y Mediana Empresa y los Emprendedores (Sepyme) de la Naci\u00f3n- y a trabajadores y trabajadoras que no formen parte de otros programas de empleo del Gobierno provincial.<\/p>\n<p>La implementaci\u00f3n del programa ser\u00e1 a trav\u00e9s de la presentaci\u00f3n mensual del formulario F931 ante la Secretar\u00eda de Industria del Ministerio de Industria, Comercio y Miner\u00eda provincial, a los fines de establecer el incremental de empleo para el pago del subsidio correspondiente. La gesti\u00f3n del tr\u00e1mite es v\u00eda digital.<\/p>\n<p>Detalles del programa<br \/>\n-2.000 nuevos puestos de trabajo en empresas industriales de la provincia de C\u00f3rdoba.<br \/>\n-Para aquellas contrataciones que realicen las industrias por tiempo indeterminado.<br \/>\n-Subsidio mensual por 12 meses de ejecuci\u00f3n del programa.<br \/>\n-Asignaci\u00f3n mensual de 12.000 pesos por cada nuevo trabajador y trabajadora incorporado\/a.<br \/>\n-Capacitaci\u00f3n a cargo de las industrias en sus propias f\u00e1bricas o en industrias relacionadas con la cadena de valor del sector.<\/p>\n<p>La industria se compromete a sostener los puestos de trabajo durante el plazo de 24 meses.<br \/>\nEl programa opera como complemento de los beneficios al empleo previstos en la Ley de Promoci\u00f3n Industrial y Cl\u00fasteres Productivos N\u00b010.792.<\/p>\n<p>Cupos para empresas<br \/>\n1 a 5 empleados registrados: 2 personas beneficiarias.<br \/>\n6 a 10 empleados registrados: 3 personas beneficiarias.<br \/>\n11 a 20 empleados registrados: 4 personas beneficiarias.<br \/>\nM\u00e1s de 20 empleados registrados: 20 por ciento de beneficiarios sobre el personal registrado.<\/p>\n<h6>Fuente: La Nueva Ma\u00f1ana<\/h6>\n","protected":false},"excerpt":{"rendered":"<p>El gobernador Juan Schiaretti, present\u00f3 este jueves el programa cuyo objetivo es promover la inserci\u00f3n laboral de 2.000 nuevos trabajadores y trabajadoras en las Pymes cordobesas.<\/p>\n","protected":false},"author":2,"featured_media":130425,"comment_status":"closed","ping_status":"closed","sticky":false,"template":"","format":"standard","meta":{"footnotes":""},"categories":[65],"tags":[3],"class_list":["post-130424","post","type-post","status-publish","format-standard","has-post-thumbnail","hentry","category-provincias","tag-cordoba"],"_links":{"self":[{"href":"http:\/\/argentinamunicipal.com.ar\/argentina\/wp-json\/wp\/v2\/posts\/130424","targetHints":{"allow":["GET"]}}],"collection":[{"href":"http:\/\/argentinamunicipal.com.ar\/argentina\/wp-json\/wp\/v2\/posts"}],"about":[{"href":"http:\/\/argentinamunicipal.com.ar\/argentina\/wp-json\/wp\/v2\/types\/post"}],"author":[{"embeddable":true,"href":"http:\/\/argentinamunicipal.com.ar\/argentina\/wp-json\/wp\/v2\/users\/2"}],"replies":[{"embeddable":true,"href":"http:\/\/argentinamunicipal.com.ar\/argentina\/wp-json\/wp\/v2\/comments?post=130424"}],"version-history":[{"count":0,"href":"http:\/\/argentinamunicipal.com.ar\/argentina\/wp-json\/wp\/v2\/posts\/130424\/revisions"}],"wp:featuredmedia":[{"embeddable":true,"href":"http:\/\/argentinamunicipal.com.ar\/argentina\/wp-json\/wp\/v2\/media\/130425"}],"wp:attachment":[{"href":"http:\/\/argentinamunicipal.com.ar\/argentina\/wp-json\/wp\/v2\/media?parent=130424"}],"wp:term":[{"taxonomy":"category","embeddable":true,"href":"http:\/\/argentinamunicipal.com.ar\/argentina\/wp-json\/wp\/v2\/categories?post=130424"},{"taxonomy":"post_tag","embeddable":true,"href":"http:\/\/argentinamunicipal.com.ar\/argentina\/wp-json\/wp\/v2\/tags?post=130424"}],"curies":[{"name":"wp","href":"https:\/\/api.w.org\/{rel}","templated":true}]}}