{"id":130446,"date":"2022-10-14T06:20:50","date_gmt":"2022-10-14T09:20:50","guid":{"rendered":"http:\/\/argentinamunicipal.com.ar\/argentina\/?p=130446"},"modified":"2022-10-14T06:20:50","modified_gmt":"2022-10-14T09:20:50","slug":"malargue-contraataca-con-una-marcha-prominera-de-la-mano-de-trabajadores-y-empresarios","status":"publish","type":"post","link":"http:\/\/argentinamunicipal.com.ar\/argentina\/malargue-contraataca-con-una-marcha-prominera-de-la-mano-de-trabajadores-y-empresarios\/","title":{"rendered":"Malarg\u00fce contraataca con una marcha prominera, de la mano de trabajadores y empresarios"},"content":{"rendered":"<p>Tras el rechazo del gobernador Rodolfo Suarez al proyecto del intendente de Malarg\u00fce para zonificar la miner\u00eda, la Municipalidad, gremios y asociaciones empresarias convocaron a reclamar por la actividad ante la Casa de Gobierno<\/p>\n<p>\u00abA favor de la miner\u00eda en Malarg\u00fce\u00bb, es el objeto de la marcha que organizaron la Municipalidad de Malarg\u00fce, la Uni\u00f3n Obrera de la Construcci\u00f3n de la Rep\u00fablica Argentina (UOCRA) y otros gremios, adem\u00e1s de empresarios de diferentes c\u00e1maras y asociaciones\u00a0en apoyo al proyecto de Juan Manuel Ojeda para zonificar la actividad.<\/p>\n<p>El punto de partida de la manifestaci\u00f3n a favor de la pr\u00e1ctica de miner\u00eda en Mendoza fue en Nudo Vial de Costanera y J. Vicente Zapata, para dirigirse hasta Mitre y luego hacia Pedro Molina, cruzar por el puente y llegar hasta la Casa de Gobierno, a donde los organizadores entregar\u00e1n una carta dirigida al gobernador Rodolfo Suarez.<\/p>\n<p>La marcha se da un d\u00eda despu\u00e9s de que el propio Suarez cuestionara la presentaci\u00f3n del proyecto de zonificaci\u00f3n minero que hizo el intendente de Malarg\u00fce, Juan Manuel Ojeda, quien no particip\u00f3 de la convocatoria por estar en Chile.<\/p>\n<p>Para el gobernador \u00abno es el momento\u00bb de impulsar nuevamente una reforma a la Ley 7.722 dado el contexto de descontento social que rige en la Provincia.<\/p>\n<p><strong>Asinmet pidi\u00f3 impulsar la miner\u00eda en Malarg\u00fce<\/strong><br \/>\nMariano Guizzo y Julio Totero, presidente y secretario de la Asociaci\u00f3n Industrales Metal\u00fargicos de Mendoza\u00a0que nuclea a m\u00e1s de 600 pymes metal\u00fargicas que emplean a 18 mil trabajadores, apoyaron a Miguel Ponce, secretario general de la UOCRA Mendoza, en la organizaci\u00f3n de la marcha por la que piden que se active en la Provincia la explotaci\u00f3n minera que podr\u00eda generar un repunte en la creaci\u00f3n de empleo local.<\/p>\n<p>\u00abNuestro apoyo se sustenta en la necesidad de vincular a las fuerzas productivas que pensamos en el desarrollo de las obras de infraestructura necesarias para el futuro de nuestra provincia y en el trabajo de miles de mendocinos, manteniendo por sobre todas las cosas la paz social y el orden p\u00fablico\u00bb, se\u00f1alaron desde Asinmet.<\/p>\n<p>\u00abEs tiempo de buscar consensos entre todos los que pretendemos encontrar los caminos del progreso de manera sostenible, dejando de lado las diferencias que nos condenan a la pobreza y profundiza la marginalidad\u00bb, sostuvieron.<\/p>\n<p>En tanto que\u00a0pidieron a las autoridades:<\/p>\n<p>Poner en marcha los proyectos posibles con los fondos que originalmente eran para Portezuelo del Viento\u00a0y que garanticen el bienestar general.<br \/>\nImpulsar el Desarrollo de la Industria Minera comenzando en Malarg\u00fce\u00a0y extendiendo esa posibilidad a toda la provincia.<br \/>\nPotenciar las energ\u00edas renovables y no renovables\u00a0con toda su cadena de valor, integrando las pymes a las grandes compa\u00f1\u00edas nacionales.<br \/>\nTomar las decisiones pol\u00edticas necesarias\u00a0para poner en marcha todas las fuerzas productivas que devuelvan a Mendoza su lugar de privilegio en el orden nacional.<br \/>\nEl Partido Verde, en estado de alerta y movilizaci\u00f3n permanente<br \/>\nMediante un comunicado de prensa,\u00a0el partido que tiene como representante en la Legislatura provincial a Emmanuel Fugazotto, se manifest\u00f3 en contra del proyecto de zonificaci\u00f3n minera que propuso el intendente de Malarg\u00fce, Juan Manuel Ojeda.<\/p>\n<p>\u00abAnte una nueva embestida de una parte del oficialismo que gobierna Mendoza, con la intenci\u00f3n de instalar parcialmente en nuestro territorio, pr\u00e1cticas extractivistas, m\u00e1s precisamente la megaminer\u00eda a cielo abierto con la utilizaci\u00f3n de sustancias qu\u00edmicas altamente contaminantes y que tanto da\u00f1o han ocasionado en territorios de provincias vecinas, desde el Partido Verde de Mendoza y como una de las fuerzas pol\u00edticas con representaci\u00f3n parlamentaria,\u00a0nos oponemos firmemente a esta temeraria iniciativa legislativa\u00bb, se\u00f1alaron.<\/p>\n<p>Para los dirigentes del Partido Verde, \u00abla promesa dorada de las bondades de la megaminer\u00eda no se ha traducido en el derrame econ\u00f3mico asegurado y s\u00ed en el derrame de miles de litros de sustancias qu\u00edmicas a los r\u00edos de los territorios sometidos a estas pr\u00e1cticas\u00bb.<\/p>\n<p>Ejemplifican que \u00abSan Juan recibe el doble que Mendoza de coparticipaci\u00f3n federal de impuestos desde la Naci\u00f3n\u00bb y se preguntan: \u00abSi la megaminer\u00eda fuera la salvaci\u00f3n de San Juan en materia de recursos, \u00bfpor qu\u00e9 necesita una impresionante masa de dinero de la Naci\u00f3n para subsistir?\u00bb.<\/p>\n<p>La comunicaci\u00f3n se dirige tambi\u00e9n a quienes est\u00e1n en contra de la explotaci\u00f3n minera en Mendoza y\u00a0los llaman a \u00abestar alertas\u00bb.<\/p>\n<h6>Fuente: Uno<\/h6>\n","protected":false},"excerpt":{"rendered":"<p>Tras el rechazo del gobernador Rodolfo Suarez al proyecto del intendente de Malarg\u00fce para zonificar la miner\u00eda, la Municipalidad, gremios y asociaciones empresarias convocaron a reclamar por la actividad ante la Casa de Gobierno<\/p>\n","protected":false},"author":2,"featured_media":130447,"comment_status":"closed","ping_status":"closed","sticky":false,"template":"","format":"standard","meta":{"footnotes":""},"categories":[2],"tags":[31],"class_list":["post-130446","post","type-post","status-publish","format-standard","has-post-thumbnail","hentry","category-informe-municipal","tag-mendoza"],"_links":{"self":[{"href":"http:\/\/argentinamunicipal.com.ar\/argentina\/wp-json\/wp\/v2\/posts\/130446","targetHints":{"allow":["GET"]}}],"collection":[{"href":"http:\/\/argentinamunicipal.com.ar\/argentina\/wp-json\/wp\/v2\/posts"}],"about":[{"href":"http:\/\/argentinamunicipal.com.ar\/argentina\/wp-json\/wp\/v2\/types\/post"}],"author":[{"embeddable":true,"href":"http:\/\/argentinamunicipal.com.ar\/argentina\/wp-json\/wp\/v2\/users\/2"}],"replies":[{"embeddable":true,"href":"http:\/\/argentinamunicipal.com.ar\/argentina\/wp-json\/wp\/v2\/comments?post=130446"}],"version-history":[{"count":0,"href":"http:\/\/argentinamunicipal.com.ar\/argentina\/wp-json\/wp\/v2\/posts\/130446\/revisions"}],"wp:featuredmedia":[{"embeddable":true,"href":"http:\/\/argentinamunicipal.com.ar\/argentina\/wp-json\/wp\/v2\/media\/130447"}],"wp:attachment":[{"href":"http:\/\/argentinamunicipal.com.ar\/argentina\/wp-json\/wp\/v2\/media?parent=130446"}],"wp:term":[{"taxonomy":"category","embeddable":true,"href":"http:\/\/argentinamunicipal.com.ar\/argentina\/wp-json\/wp\/v2\/categories?post=130446"},{"taxonomy":"post_tag","embeddable":true,"href":"http:\/\/argentinamunicipal.com.ar\/argentina\/wp-json\/wp\/v2\/tags?post=130446"}],"curies":[{"name":"wp","href":"https:\/\/api.w.org\/{rel}","templated":true}]}}