{"id":13051,"date":"2014-08-09T07:21:31","date_gmt":"2014-08-09T10:21:31","guid":{"rendered":"http:\/\/argentinamunicipal.com.ar\/argentina\/?p=13051"},"modified":"2014-08-08T19:23:50","modified_gmt":"2014-08-08T22:23:50","slug":"declaran-emergencia-sanitaria-internacional-por-el-brote-de-ebola-en-africa","status":"publish","type":"post","link":"http:\/\/argentinamunicipal.com.ar\/argentina\/declaran-emergencia-sanitaria-internacional-por-el-brote-de-ebola-en-africa\/","title":{"rendered":"Declaran emergencia sanitaria internacional por el brote de \u00e9bola en Africa"},"content":{"rendered":"<p><a href=\"http:\/\/argentinamunicipal.com.ar\/argentina\/wp-content\/uploads\/2014\/08\/0000073448.jpg\"><img loading=\"lazy\" decoding=\"async\" class=\"aligncenter  wp-image-13052\" src=\"http:\/\/argentinamunicipal.com.ar\/argentina\/wp-content\/uploads\/2014\/08\/0000073448.jpg\" alt=\"0000073448\" width=\"693\" height=\"390\" srcset=\"http:\/\/argentinamunicipal.com.ar\/argentina\/wp-content\/uploads\/2014\/08\/0000073448.jpg 1099w, http:\/\/argentinamunicipal.com.ar\/argentina\/wp-content\/uploads\/2014\/08\/0000073448-300x168.jpg 300w, http:\/\/argentinamunicipal.com.ar\/argentina\/wp-content\/uploads\/2014\/08\/0000073448-1024x575.jpg 1024w\" sizes=\"auto, (max-width: 693px) 100vw, 693px\" \/><\/a><\/p>\n<p>La Organizaci\u00f3n Mundial de la Salud (OMS) recomend\u00f3 una serie de medidas tendientes a intentar frenar la transmisi\u00f3n del virus, que ya caus\u00f3 m\u00e1s de 900 muertes<\/p>\n<p>La Organizaci\u00f3n Mundial de la Salud (OMS) declar\u00f3 hoy el brote de \u00e9bola en Africa occidental como una emergencia p\u00fablica sanitaria internacional y recomend\u00f3 medidas excepcionales para detener su transmisi\u00f3n.<\/p>\n<p>Los pa\u00edses donde hay transmisi\u00f3n del \u00e9bola tendr\u00e1n que efectuar ex\u00e1menes a la salida de aeropuertos, puertos mar\u00edtimos y en cruces fronterizos de toda persona con s\u00edntomas febriles que puedan asociarse al virus.<\/p>\n<p>La directora de la OMS,Margaret Chan, declar\u00f3 que el brote de \u00e9bola, que acab\u00f3 con la vida de m\u00e1s de 900 personas en varios pa\u00edses de Africa occidental, es \u00abuna emergencia de salud p\u00fablica\u00bb que genera preocupaci\u00f3n \u00aba nivel internacional\u00bb. El \u00faltimo balance de la OMS, hecho p\u00fablico el mi\u00e9rcoles, eleva a 932 el n\u00famero de personas fallecidas por el brote en Africa occidental, con 45 muertes confirmadas s\u00f3lo entre los d\u00edas 2 y 4 de agosto. En este per\u00edodo, se registrado 108 nuevos casos.<\/p>\n<p>El \u00e9bola, que se transmite por contacto directo con la sangre y fluidos corporales de personas o animales infectados, causa hemorragias graves y puede tener una tasa de mortalidad del 90%.<\/p>\n<h6>Fuente: El Tribuno, Salta<\/h6>\n","protected":false},"excerpt":{"rendered":"<p>La Organizaci\u00f3n Mundial de la Salud (OMS) recomend\u00f3 una serie de medidas tendientes a intentar frenar la transmisi\u00f3n del virus, que ya caus\u00f3 m\u00e1s de 900 muertes La Organizaci\u00f3n Mundial de la Salud (OMS) declar\u00f3 hoy el brote de \u00e9bola en Africa occidental como una emergencia p\u00fablica sanitaria internacional y recomend\u00f3 medidas excepcionales para detener<\/p>\n","protected":false},"author":2,"featured_media":13052,"comment_status":"closed","ping_status":"closed","sticky":false,"template":"","format":"standard","meta":{"footnotes":""},"categories":[22],"tags":[57],"class_list":["post-13051","post","type-post","status-publish","format-standard","has-post-thumbnail","hentry","category-el-mundo","tag-el-mundo"],"_links":{"self":[{"href":"http:\/\/argentinamunicipal.com.ar\/argentina\/wp-json\/wp\/v2\/posts\/13051","targetHints":{"allow":["GET"]}}],"collection":[{"href":"http:\/\/argentinamunicipal.com.ar\/argentina\/wp-json\/wp\/v2\/posts"}],"about":[{"href":"http:\/\/argentinamunicipal.com.ar\/argentina\/wp-json\/wp\/v2\/types\/post"}],"author":[{"embeddable":true,"href":"http:\/\/argentinamunicipal.com.ar\/argentina\/wp-json\/wp\/v2\/users\/2"}],"replies":[{"embeddable":true,"href":"http:\/\/argentinamunicipal.com.ar\/argentina\/wp-json\/wp\/v2\/comments?post=13051"}],"version-history":[{"count":0,"href":"http:\/\/argentinamunicipal.com.ar\/argentina\/wp-json\/wp\/v2\/posts\/13051\/revisions"}],"wp:featuredmedia":[{"embeddable":true,"href":"http:\/\/argentinamunicipal.com.ar\/argentina\/wp-json\/wp\/v2\/media\/13052"}],"wp:attachment":[{"href":"http:\/\/argentinamunicipal.com.ar\/argentina\/wp-json\/wp\/v2\/media?parent=13051"}],"wp:term":[{"taxonomy":"category","embeddable":true,"href":"http:\/\/argentinamunicipal.com.ar\/argentina\/wp-json\/wp\/v2\/categories?post=13051"},{"taxonomy":"post_tag","embeddable":true,"href":"http:\/\/argentinamunicipal.com.ar\/argentina\/wp-json\/wp\/v2\/tags?post=13051"}],"curies":[{"name":"wp","href":"https:\/\/api.w.org\/{rel}","templated":true}]}}