{"id":130511,"date":"2022-10-18T05:45:23","date_gmt":"2022-10-18T08:45:23","guid":{"rendered":"http:\/\/argentinamunicipal.com.ar\/argentina\/?p=130511"},"modified":"2022-10-17T20:06:36","modified_gmt":"2022-10-17T23:06:36","slug":"pil-turismo-lanzaron-2-000-oportunidades-de-empleo-y-formacion-en-cordoba","status":"publish","type":"post","link":"http:\/\/argentinamunicipal.com.ar\/argentina\/pil-turismo-lanzaron-2-000-oportunidades-de-empleo-y-formacion-en-cordoba\/","title":{"rendered":"PIL Turismo: lanzaron 2.000 oportunidades de empleo y formaci\u00f3n en C\u00f3rdoba"},"content":{"rendered":"<p>La nueva edici\u00f3n de este programa, lanzada por Juan Schiaretti, est\u00e1 destinada a personas mayores de 16 a\u00f1os y residentes en la provincia.<\/p>\n<p>Este lunes, el gobernador Juan Schiaretti present\u00f3 una nueva edici\u00f3n del Programa de Inserci\u00f3n Laboral (PIL) en la industria del Turismo que, se inform\u00f3 oficialmente, generar\u00e1 2000 oportunidades de empleo y formaci\u00f3n.<\/p>\n<p>La iniciativa est\u00e1 destinada a personas mayores de 16 a\u00f1os, con residencia en la provincia de C\u00f3rdoba. Seg\u00fan el Gobierno Provincial, el programa contempla nuevas oportunidades de empleo para 1500 personas y\u00a0500 trabajadores se capacitar\u00e1n para aumentar su efectividad y\/o reconversi\u00f3n laboral en sus empresas.<\/p>\n<p>Las personas beneficiarias recibir\u00e1n una asignaci\u00f3n est\u00edmulo de $35.000 pesos mensuales.<\/p>\n<p>Las inscripciones para las empresas y postulantes estar\u00e1n abiertas hasta el 11 de noviembre, ingresando a\u00a0https:\/\/empleoyformacion.cba.gov.ar\/<\/p>\n<p>Se inform\u00f3 oficialmente que las\u00a0capacitaciones comenzar\u00e1n a partir del 15 de noviembre, mientras que el per\u00edodo de entrenamiento laboral ser\u00e1 a partir del 1 de diciembre.<\/p>\n<p>Participaron del acto el\u00a0vicegobernador Manuel Calvo, el ministro de Empleo, Facundo Torres Lima y el presidente de la Agencia C\u00f3rdoba Turismo, Esteban Avil\u00e9s, entre otros funcionarios del Gabinete provincial, c\u00e1maras empresarias del sector e intendentes de localidades tur\u00edsticas.<\/p>\n<h6>Fuente: La Nueva Mana\u00f1a<\/h6>\n","protected":false},"excerpt":{"rendered":"<p>La nueva edici\u00f3n de este programa, lanzada por Juan Schiaretti, est\u00e1 destinada a personas mayores de 16 a\u00f1os y residentes en la provincia.<\/p>\n","protected":false},"author":2,"featured_media":130512,"comment_status":"closed","ping_status":"closed","sticky":false,"template":"","format":"standard","meta":{"footnotes":""},"categories":[65],"tags":[3],"class_list":["post-130511","post","type-post","status-publish","format-standard","has-post-thumbnail","hentry","category-provincias","tag-cordoba"],"_links":{"self":[{"href":"http:\/\/argentinamunicipal.com.ar\/argentina\/wp-json\/wp\/v2\/posts\/130511","targetHints":{"allow":["GET"]}}],"collection":[{"href":"http:\/\/argentinamunicipal.com.ar\/argentina\/wp-json\/wp\/v2\/posts"}],"about":[{"href":"http:\/\/argentinamunicipal.com.ar\/argentina\/wp-json\/wp\/v2\/types\/post"}],"author":[{"embeddable":true,"href":"http:\/\/argentinamunicipal.com.ar\/argentina\/wp-json\/wp\/v2\/users\/2"}],"replies":[{"embeddable":true,"href":"http:\/\/argentinamunicipal.com.ar\/argentina\/wp-json\/wp\/v2\/comments?post=130511"}],"version-history":[{"count":0,"href":"http:\/\/argentinamunicipal.com.ar\/argentina\/wp-json\/wp\/v2\/posts\/130511\/revisions"}],"wp:featuredmedia":[{"embeddable":true,"href":"http:\/\/argentinamunicipal.com.ar\/argentina\/wp-json\/wp\/v2\/media\/130512"}],"wp:attachment":[{"href":"http:\/\/argentinamunicipal.com.ar\/argentina\/wp-json\/wp\/v2\/media?parent=130511"}],"wp:term":[{"taxonomy":"category","embeddable":true,"href":"http:\/\/argentinamunicipal.com.ar\/argentina\/wp-json\/wp\/v2\/categories?post=130511"},{"taxonomy":"post_tag","embeddable":true,"href":"http:\/\/argentinamunicipal.com.ar\/argentina\/wp-json\/wp\/v2\/tags?post=130511"}],"curies":[{"name":"wp","href":"https:\/\/api.w.org\/{rel}","templated":true}]}}