{"id":130575,"date":"2022-10-20T05:12:03","date_gmt":"2022-10-20T08:12:03","guid":{"rendered":"http:\/\/argentinamunicipal.com.ar\/argentina\/?p=130575"},"modified":"2022-10-19T06:14:29","modified_gmt":"2022-10-19T09:14:29","slug":"provincias-del-norte-grande-analizaran-la-gestion-y-proteccion-del-patrimonio-en-la-region","status":"publish","type":"post","link":"http:\/\/argentinamunicipal.com.ar\/argentina\/provincias-del-norte-grande-analizaran-la-gestion-y-proteccion-del-patrimonio-en-la-region\/","title":{"rendered":"Provincias del Norte Grande analizar\u00e1n la gesti\u00f3n y protecci\u00f3n del patrimonio en la regi\u00f3n"},"content":{"rendered":"<p>Los actores participantes del encuentro, que fue presentado por funcionarios del Ministerio de Cultura y Turismo de Jujuy, podr\u00e1n compartir experiencias e impulsar el dise\u00f1o de pol\u00edticas p\u00fablicas para el fortalecer el patrimonio en la regi\u00f3n.<\/p>\n<p>Jujuy ser\u00e1 sede del Primer Encuentro de Patrimonio del Norte Grande, a concretarse este viernes y s\u00e1bado, con el objetivo de generar pol\u00edticas p\u00fablicas a trav\u00e9s de un \u00e1mbito de di\u00e1logo que involucre a la regi\u00f3n sobre gesti\u00f3n integral y conservaci\u00f3n del patrimonio, se inform\u00f3.<\/p>\n<p>\u00abSer\u00e1n dos jornadas muy interesantes de trabajo en las que intervendr\u00e1n tambi\u00e9n las \u00e1reas de investigaci\u00f3n y habr\u00e1 diferentes ponencias de las que participar\u00e1n referentes de las provincias y de las instituciones y \u00f3rganos de aplicaci\u00f3n vinculadas a la gesti\u00f3n del patrimonio\u00bb, dijo a T\u00e9lam la directora provincial de Patrimonio, Valentina Mill\u00f3n.<\/p>\n<p>\u00abNo es lo mismo avanzar en una pol\u00edtica p\u00fablica que solo tenga que ver con un territorio acotado a una provincia que hacerlo como Norte Grande con acciones concretas para la conservaci\u00f3n del patrimonio y que se puedan mantener en el tiempo\u00bbValentina Mill\u00f3n<\/p>\n<p>Las reuniones se llevar\u00e1n a cabo desde las 8.30 en instalaciones del Cine Select, de la capital juje\u00f1a, y los participantes deber\u00e1n completar el formulario de inscripci\u00f3n que se puede encontrar en la p\u00e1gina web de la Secretar\u00eda de Cultura de Jujuy.<\/p>\n<p>Los actores participantes del encuentro, que fue presentado por funcionarios del Ministerio de Cultura y Turismo de Jujuy, podr\u00e1n compartir experiencias e impulsar el dise\u00f1o de pol\u00edticas p\u00fablicas para el fortalecer el patrimonio en la regi\u00f3n.<\/p>\n<p>\u00abNo es lo mismo avanzar en una pol\u00edtica p\u00fablica que solo tenga que ver con un territorio acotado a una provincia que hacerlo como Norte Grande con acciones concretas para la conservaci\u00f3n del patrimonio y que se puedan mantener en el tiempo\u00bb, afirm\u00f3 Mill\u00f3n.<\/p>\n<p>Participar\u00e1n las \u00e1reas de gesti\u00f3n del patrimonio y secretarios de Cultura de las 10 provincias que integran el Norte Grande al que se sumar\u00e1n Mendoza y San Juan.<\/p>\n<p>\u00abJujuy es patrimonio, tenemos una riqueza cultural enorme que no podemos delimitarla m\u00e1s all\u00e1 de que podemos contar la cantidad de monumentos que tenemos declarados y de sitios de patrimonio mundial, y hay sitios arqueol\u00f3gicos que ni siquiera est\u00e1n descubiertos\u00bb, destac\u00f3.<\/p>\n<h6>Fuente: Telam<\/h6>\n","protected":false},"excerpt":{"rendered":"<p>Los actores participantes del encuentro, que fue presentado por funcionarios del Ministerio de Cultura y Turismo de Jujuy, podr\u00e1n compartir experiencias e impulsar el dise\u00f1o de pol\u00edticas p\u00fablicas para el fortalecer el patrimonio en la regi\u00f3n.<\/p>\n","protected":false},"author":2,"featured_media":130576,"comment_status":"closed","ping_status":"closed","sticky":false,"template":"","format":"standard","meta":{"footnotes":""},"categories":[65],"tags":[21],"class_list":["post-130575","post","type-post","status-publish","format-standard","has-post-thumbnail","hentry","category-provincias","tag-argentina"],"_links":{"self":[{"href":"http:\/\/argentinamunicipal.com.ar\/argentina\/wp-json\/wp\/v2\/posts\/130575","targetHints":{"allow":["GET"]}}],"collection":[{"href":"http:\/\/argentinamunicipal.com.ar\/argentina\/wp-json\/wp\/v2\/posts"}],"about":[{"href":"http:\/\/argentinamunicipal.com.ar\/argentina\/wp-json\/wp\/v2\/types\/post"}],"author":[{"embeddable":true,"href":"http:\/\/argentinamunicipal.com.ar\/argentina\/wp-json\/wp\/v2\/users\/2"}],"replies":[{"embeddable":true,"href":"http:\/\/argentinamunicipal.com.ar\/argentina\/wp-json\/wp\/v2\/comments?post=130575"}],"version-history":[{"count":0,"href":"http:\/\/argentinamunicipal.com.ar\/argentina\/wp-json\/wp\/v2\/posts\/130575\/revisions"}],"wp:featuredmedia":[{"embeddable":true,"href":"http:\/\/argentinamunicipal.com.ar\/argentina\/wp-json\/wp\/v2\/media\/130576"}],"wp:attachment":[{"href":"http:\/\/argentinamunicipal.com.ar\/argentina\/wp-json\/wp\/v2\/media?parent=130575"}],"wp:term":[{"taxonomy":"category","embeddable":true,"href":"http:\/\/argentinamunicipal.com.ar\/argentina\/wp-json\/wp\/v2\/categories?post=130575"},{"taxonomy":"post_tag","embeddable":true,"href":"http:\/\/argentinamunicipal.com.ar\/argentina\/wp-json\/wp\/v2\/tags?post=130575"}],"curies":[{"name":"wp","href":"https:\/\/api.w.org\/{rel}","templated":true}]}}