{"id":130663,"date":"2022-10-21T05:50:42","date_gmt":"2022-10-21T08:50:42","guid":{"rendered":"http:\/\/argentinamunicipal.com.ar\/argentina\/?p=130663"},"modified":"2022-10-20T20:00:57","modified_gmt":"2022-10-20T23:00:57","slug":"los-participantes-de-la-cumbre-mundial-de-alcaldes-se-trasladan-en-colectivos-electricos-de-mendoza","status":"publish","type":"post","link":"http:\/\/argentinamunicipal.com.ar\/argentina\/los-participantes-de-la-cumbre-mundial-de-alcaldes-se-trasladan-en-colectivos-electricos-de-mendoza\/","title":{"rendered":"Los participantes de la Cumbre Mundial de alcaldes se trasladan en colectivos el\u00e9ctricos de Mendoza"},"content":{"rendered":"<p>Desde este mi\u00e9rcoles se realiza en Buenos Aires la cumbre que re\u00fane alcaldes de todo el mundo y en la que participan cinco intendentes de Mendoza<\/p>\n<p>Todos los participantes de la Cumbre Mundial de alcaldes que se est\u00e1 realizando en la ciudad Buenos Aires se est\u00e1n traslandando en\u00a0colectivos el\u00e9ctricos de Mendoza.\u00a0La C40 Cities es la red global de ciudades que busca encontrar soluciones colectivas para combatir la crisis clim\u00e1tica. Desde este mi\u00e9rcoles, la Ciudad de Buenos Aires recibe a alcaldes, delegados internacionales, intendentes locales, fil\u00e1ntropos, j\u00f3venes y reconocidos expertos para ser parte de la Cumbre Global de C40.<\/p>\n<p>Tambi\u00e9n participan intendentes de nuestro pa\u00eds, con el objetivo de tratar la problem\u00e1tica del cambio clim\u00e1tico. La movilidad del encuentro estar\u00e1 a cargo de las unidades 100% ecol\u00f3gicas de la Sociedad de Transporte de Mendoza (STM), que prestan servicio en nuestra Provincia. Entre ellos hay cinco intendentes de Mendoza, Ulpiano Suarez, de Capital; Walther Marcolini, de Alvear; Tadeo Garc\u00eda Zalazar, de Godoy Cruz y Marcelino Iglesias, de Guaymall\u00e9n y Sebasti\u00e1n Bragagnolo, de Luj\u00e1n, participan de una cumbre en la que presentan planes de sustentabilidad<\/p>\n<p>\u201cCelebramos la participaci\u00f3n de la provincia de Mendoza y de la STM en esta\u00a0Cumbre Mundial\u00a0tan importante para promover este cambio clim\u00e1tico tan necesario. Y tambi\u00e9n celebramos que se est\u00e9n utilizando las unidades el\u00e9ctricas que prestan servicio en Mendoza, y que est\u00e1 liderando este proceso en la Argentina y nos pone en el mapa mundial. Estos colectivos est\u00e1n funcionando desde el 2018, primero a prueba y luego efectivizando su circulaci\u00f3n; hasta el momento llevan 100 mil km recorridos\u201d expres\u00f3 Daniel Vilches, director de la STM.<\/p>\n<p>C40 Cities es la red global de ciudades que busca encontrar soluciones colectivas para combatir la crisis clim\u00e1tica. Desde el 19 de octubre, la Ciudad de Buenos Aires recibe a alcaldes, delegados internacionales, intendentes locales, fil\u00e1ntropos, j\u00f3venes y reconocidos expertos para ser parte de la Cumbre Global de C40.<\/p>\n<p>Bajo el lema \u201cUnidos en Acci\u00f3n\u201d, la Cumbre Mundial tambi\u00e9n re\u00fane a 150 mandatarios de ciudades argentinas. El encuentro es el foro intencional m\u00e1s importante sobre ciudades y cambio clim\u00e1tico, y la antesala de la COP27, que se realizar\u00e1 en noviembre en Egipto.<\/p>\n<p>Los\u00a0colectivos el\u00e9ctricos,\u00a0que forman parte de los servicios del Mendotran que presta la Sociedad de Transporte de Mendoza (STM), son las unidades disponibles para el traslado desde sede de la Cumbre C40 en el Centro de Convenciones de Buenos Aires (CEC), y los distintos eventos paralelos que tienen lugar en sectores de la ciudad. M\u00e1s informaci\u00f3n en c40summit.org<\/p>\n<p>El director de la Sociedad de Transporte Mendoza (STM) tambi\u00e9n destac\u00f3 \u201cEn el \u00faltimo tiempo hemos recibido invitaciones de distintos foros para hablar de la experiencia de Mendoza en materia de transporte, no solo por lo que signific\u00f3 Mendotran que reorganiz\u00f3 recorridos, sino tambi\u00e9n, lo que estamos haciendo en mejorar el ambiente de los usuarios y de la poblaci\u00f3n\u201d.<\/p>\n<h6>Fuente: Uno<\/h6>\n","protected":false},"excerpt":{"rendered":"<p>El director de la Sociedad de Transporte Mendoza (STM) tambi\u00e9n destac\u00f3 \u201cEn el \u00faltimo tiempo hemos recibido invitaciones de distintos foros para hablar de la experiencia de Mendoza en materia de transporte\u00bb<\/p>\n","protected":false},"author":2,"featured_media":130664,"comment_status":"closed","ping_status":"closed","sticky":false,"template":"","format":"standard","meta":{"footnotes":""},"categories":[2],"tags":[31],"class_list":["post-130663","post","type-post","status-publish","format-standard","has-post-thumbnail","hentry","category-informe-municipal","tag-mendoza"],"_links":{"self":[{"href":"http:\/\/argentinamunicipal.com.ar\/argentina\/wp-json\/wp\/v2\/posts\/130663","targetHints":{"allow":["GET"]}}],"collection":[{"href":"http:\/\/argentinamunicipal.com.ar\/argentina\/wp-json\/wp\/v2\/posts"}],"about":[{"href":"http:\/\/argentinamunicipal.com.ar\/argentina\/wp-json\/wp\/v2\/types\/post"}],"author":[{"embeddable":true,"href":"http:\/\/argentinamunicipal.com.ar\/argentina\/wp-json\/wp\/v2\/users\/2"}],"replies":[{"embeddable":true,"href":"http:\/\/argentinamunicipal.com.ar\/argentina\/wp-json\/wp\/v2\/comments?post=130663"}],"version-history":[{"count":0,"href":"http:\/\/argentinamunicipal.com.ar\/argentina\/wp-json\/wp\/v2\/posts\/130663\/revisions"}],"wp:featuredmedia":[{"embeddable":true,"href":"http:\/\/argentinamunicipal.com.ar\/argentina\/wp-json\/wp\/v2\/media\/130664"}],"wp:attachment":[{"href":"http:\/\/argentinamunicipal.com.ar\/argentina\/wp-json\/wp\/v2\/media?parent=130663"}],"wp:term":[{"taxonomy":"category","embeddable":true,"href":"http:\/\/argentinamunicipal.com.ar\/argentina\/wp-json\/wp\/v2\/categories?post=130663"},{"taxonomy":"post_tag","embeddable":true,"href":"http:\/\/argentinamunicipal.com.ar\/argentina\/wp-json\/wp\/v2\/tags?post=130663"}],"curies":[{"name":"wp","href":"https:\/\/api.w.org\/{rel}","templated":true}]}}