{"id":130740,"date":"2022-10-25T06:35:01","date_gmt":"2022-10-25T09:35:01","guid":{"rendered":"http:\/\/argentinamunicipal.com.ar\/argentina\/?p=130740"},"modified":"2022-10-25T06:35:01","modified_gmt":"2022-10-25T09:35:01","slug":"se-multiplicaron-los-amparos-ante-creditos-uva-en-mendoza-pero-el-problema-de-fondo-persiste","status":"publish","type":"post","link":"http:\/\/argentinamunicipal.com.ar\/argentina\/se-multiplicaron-los-amparos-ante-creditos-uva-en-mendoza-pero-el-problema-de-fondo-persiste\/","title":{"rendered":"Se multiplicaron los amparos ante cr\u00e9ditos UVA en Mendoza pero el problema de fondo persiste"},"content":{"rendered":"<p>Son cada vez m\u00e1s las familias mendocinas que, al no poder afrontar las deudas UVA que se agigantan al ritmo de la inflaci\u00f3n, presentan con \u00e9xito medidas cautelares y empiezan a pagar sus cuotas seg\u00fan el Coeficiente de Variaci\u00f3n Salarial (CVS). En el Congreso Nacional demoran una soluci\u00f3n<\/p>\n<p>Cada vez son m\u00e1s las familias mendocinas que no pueden afrontar sus deudas. Pero si adem\u00e1s los n\u00fameros en rojo crecen al ritmo de la inflaci\u00f3n -como es el caso de los cr\u00e9ditos UVA- la angustia es mayor. De ah\u00ed que se multipliquen las medidas cautelares mientras all\u00e1 en Buenos Aires el Congreso de la Naci\u00f3n hace la planchita.<\/p>\n<p>Para que se entienda: una cautelar es una acci\u00f3n que se interpone para preservar un derecho que podr\u00eda verse afectado durante un proceso judicial. En este caso, se tratar\u00eda de los derechos que tienen los consumidores de Mendoza a la hora de cubrir sus pasivos.<\/p>\n<p>Y aunque en la provincia esas medidas cautelares\u00a0han sido exitosas, su mera existencia deja en claro que a\u00fan falta resolver la cuesti\u00f3n de fondo:\u00a0los cr\u00e9ditos UVA siguen existiendo\u00a0y, les guste o no a las partes, complican hasta el extremo la econom\u00eda de los hogares que viven de los\u00a0alica\u00eddos salarios\u00a0de Argentina.<\/p>\n<p><strong>Se multiplican las cautelares en Mendoza<\/strong><br \/>\nEn general, cuando los jueces hacen lugar a las cautelares, la deuda en Unidades de Valor Adquisitivo (UVA) se recalcula seg\u00fan el\u00a0Coeficiente de Variaci\u00f3n Salarial (CVS)\u00a0y las cuotas se adaptan a ese nuevo criterio,\u00a0sin superar el 25 o 30%\u00a0de los ingresos familiares.<\/p>\n<p>En alg\u00fan momento,\u00a0ese cambio parec\u00eda un sue\u00f1o lejano. Pero los ejemplos locales abundan. Mencionamos aqu\u00ed s\u00f3lo las iniciales de los afectados para no comprometer su imagen p\u00fablica.<\/p>\n<p>En 23 de mayo, A.F.V. consigui\u00f3 que la jueza Cecilia Landaburu ordenara\u00a0recalcular su deuda\u00a0con el Banco Supervielle en CVS desde el a\u00f1o 2019:<\/p>\n<p>Algo similar pas\u00f3 el 24 de junio cuando C.C.V. lo logr\u00f3 frente al Banco BBVA, el 16 de agosto cuando A.L.I. y L.F.G. hicieron lo propio frente al Galicia y el 22 del mismo mes cuando R.S. le gan\u00f3 esa pulseada al Banco Naci\u00f3n, justo tres d\u00edas antes de que M.E.G. lo hiciera frente al Banco Patagonia.<\/p>\n<p>La lista contin\u00faa: el 9 de septiembre, M.P.A.V. hizo lo mismo con el\u00a0Macro. Y se siguen acumulando\u00a0causas con caracter\u00edsticas similares.<\/p>\n<p>En Mendoza, la mayor\u00eda de esas cautelares se presentaron contra el Banco Naci\u00f3n. En esos casos interviene el Juzgado Federal N\u00famero 2, a cargo del juez Pablo Oscar Quir\u00f3s.<\/p>\n<p>Y en los casos en que hubo apelaciones,\u00a0la C\u00e1mara Federal no s\u00f3lo confirm\u00f3 esas cautelares\u00a0sino que orden\u00f3 renegociar los cr\u00e9ditos, algo a lo que los bancos se resisten con u\u00f1as y dientes.<\/p>\n<p><strong>Contradicciones en las deudas UVA<\/strong><br \/>\nEntre los argumentos que dan a veces desde el Naci\u00f3n, est\u00e1 la idea de que\u00a0alterar los \u00edndices para calcular las deudas\u00a0pondr\u00eda en peligro el inter\u00e9s p\u00fablico. Las finanzas del Estado -dicen- podr\u00edan comprometerse.<\/p>\n<p>Parad\u00f3gicamente, la deuda de\u00a0m\u00e1s de $19.000 millones de pesos\u00a0atados a UVA que manten\u00eda la provincia de Mendoza con el Naci\u00f3n fue renegociada en mayo y pas\u00f3 a ajustarse seg\u00fan la\u00a0Tasa Badlar m\u00e1s 3%. Un cambio sumamente favorable para las arcas locales.\u00a0Contradicciones.<\/p>\n<p>La abogada\u00a0Mariela Gonz\u00e1lez, que viene representando a numerosos deudores particulares de estos cr\u00e9ditos, destaca el contraste entre el Estado provincial\u00a0sali\u00e9ndose del \u00edndice UVA\u00a0mientras muchos mendocinos todav\u00eda no pueden hacerlo.<\/p>\n<p>\u00abEl gobernador\u00a0no necesit\u00f3 acudir a los tribunales, simplemente se suscribi\u00f3 un r\u00e1pido acuerdo y se public\u00f3 en el Bolet\u00edn Oficial\u00bb, observa.<\/p>\n<p>Y sigue: \u00abAl contestar las demandas interpuestas por los hipotecados,\u00a0el Naci\u00f3n invoca la afectaci\u00f3n del inter\u00e9s p\u00fablico\u00a0para justificar la supuesta imposibilidad de arribar a un acuerdo. Sin embargo, la celebraci\u00f3n del mencionado convenio con la provincia\u00a0contradice completamente\u00a0esa postura\u00bb.<\/p>\n<p>Y el tiempo corre. Seg\u00fan Gonz\u00e1lez, \u00ablas deudas crecen $1.000.000 por mes\u00bb y -a\u00fan cuando las cautelares tengan efecto- el problema de fondo persiste, porque no hay una ley que detalle qu\u00e9 hacer con los miles de casos en los que familias no pueden afrontar ni las cuotas ni las agigantadas deudas.<\/p>\n<p>Lo cual lleva a la sospecha de que&#8230;<\/p>\n<p><strong>En el Congreso de la Naci\u00f3n muchos se lavan las manos<\/strong><br \/>\nEs lo que sostiene el diputado nacional y exgobernador\u00a0Julio Cobos, que viene empujando para que se trate su\u00a0proyecto de ley\u00a0para que los UVA pasen a calcularse por\u00a0un \u00edndice atado a la variaci\u00f3n de los salarios\u00a0-el \u00abCoeficiente Hogar Argentino\u00bb-.<\/p>\n<p>No obstante, tras reuniones, di\u00e1logos y pedidos, la propuesta\u00a0no se ha tratado en el recinto.<\/p>\n<p>\u00abSiempre desde el oficialismo nacional encontraron una excusa\u00a0para postergar el tratamiento del tema. Como vemos, en este asunto\u00a0la Justicia est\u00e1 actuando m\u00e1s r\u00e1pido que la pol\u00edtica\u00bb, recalca el legislador radical ante la consulta de UNO.<\/p>\n<p>\u00abRepetimos muchas veces que cada uno de los poderes debe asumir su rol:\u00a0hoy el Poder Judicial claramente le est\u00e1 pidiendo soluciones al Ejecutivo y al Legislativo, habida cuenta que no hay una ley para reestructurar los cr\u00e9ditos UVA. Pero la normativa no avanza\u00bb, contin\u00faa Cobos.<\/p>\n<p>\u00bfSe tratar\u00e1 alg\u00fan d\u00eda una ley que reemplace a los UVA? No est\u00e1 claro.<\/p>\n<p>Cobos cuenta que su proyecto\u00a0avanzaba en las comisiones. \u00abPero renunci\u00f3 el exministro de Econom\u00eda Mart\u00edn Guzm\u00e1n, asumi\u00f3 Silvina Batakis y entonces\u00a0los bancos nos pidieron esperar\u00a0hasta ver las nuevas medidas econ\u00f3micas. Despu\u00e9s asumi\u00f3 Massa y los bancos vinieron al Congreso, incluso vino el presidente del Banco Central (Miguel Pesce)\u00bb.<\/p>\n<p>Todo lo anterior se vio\u00a0eclipsado por el tratamiento del presupuesto 2023\u00a0y, seg\u00fan Cobos \u00abahora pareciera que no puede hablarse de otra cosa\u00bb.<\/p>\n<p>El exgobernador asegura que hay un compromiso asumido de abordar el proyecto\u00a0luego de que se discuta el presupuesto.<\/p>\n<p>\u00abOjal\u00e1 sea as\u00ed -concluye, enf\u00e1tico- porque\u00a0la verdad es que yo no veo mucha voluntad\u00a0para resolver esto. Nosotros igual vamos a seguir insistiendo\u00bb.<\/p>\n<h6>Fuente: Uno<\/h6>\n","protected":false},"excerpt":{"rendered":"<p>Son cada vez m\u00e1s las familias mendocinas que, al no poder afrontar las deudas UVA que se agigantan al ritmo de la inflaci\u00f3n, presentan con \u00e9xito medidas cautelares y empiezan a pagar sus cuotas seg\u00fan el Coeficiente de Variaci\u00f3n Salarial (CVS).<\/p>\n","protected":false},"author":2,"featured_media":130741,"comment_status":"closed","ping_status":"closed","sticky":false,"template":"","format":"standard","meta":{"footnotes":""},"categories":[65],"tags":[31],"class_list":["post-130740","post","type-post","status-publish","format-standard","has-post-thumbnail","hentry","category-provincias","tag-mendoza"],"_links":{"self":[{"href":"http:\/\/argentinamunicipal.com.ar\/argentina\/wp-json\/wp\/v2\/posts\/130740","targetHints":{"allow":["GET"]}}],"collection":[{"href":"http:\/\/argentinamunicipal.com.ar\/argentina\/wp-json\/wp\/v2\/posts"}],"about":[{"href":"http:\/\/argentinamunicipal.com.ar\/argentina\/wp-json\/wp\/v2\/types\/post"}],"author":[{"embeddable":true,"href":"http:\/\/argentinamunicipal.com.ar\/argentina\/wp-json\/wp\/v2\/users\/2"}],"replies":[{"embeddable":true,"href":"http:\/\/argentinamunicipal.com.ar\/argentina\/wp-json\/wp\/v2\/comments?post=130740"}],"version-history":[{"count":0,"href":"http:\/\/argentinamunicipal.com.ar\/argentina\/wp-json\/wp\/v2\/posts\/130740\/revisions"}],"wp:featuredmedia":[{"embeddable":true,"href":"http:\/\/argentinamunicipal.com.ar\/argentina\/wp-json\/wp\/v2\/media\/130741"}],"wp:attachment":[{"href":"http:\/\/argentinamunicipal.com.ar\/argentina\/wp-json\/wp\/v2\/media?parent=130740"}],"wp:term":[{"taxonomy":"category","embeddable":true,"href":"http:\/\/argentinamunicipal.com.ar\/argentina\/wp-json\/wp\/v2\/categories?post=130740"},{"taxonomy":"post_tag","embeddable":true,"href":"http:\/\/argentinamunicipal.com.ar\/argentina\/wp-json\/wp\/v2\/tags?post=130740"}],"curies":[{"name":"wp","href":"https:\/\/api.w.org\/{rel}","templated":true}]}}