{"id":130763,"date":"2022-10-25T20:22:49","date_gmt":"2022-10-25T23:22:49","guid":{"rendered":"http:\/\/argentinamunicipal.com.ar\/argentina\/?p=130763"},"modified":"2022-10-25T20:22:49","modified_gmt":"2022-10-25T23:22:49","slug":"santa-fe-el-protector-solar-fabricado-por-el-lif-sera-gratuito-y-se-entregara-bajo-prescripcion-medica","status":"publish","type":"post","link":"http:\/\/argentinamunicipal.com.ar\/argentina\/santa-fe-el-protector-solar-fabricado-por-el-lif-sera-gratuito-y-se-entregara-bajo-prescripcion-medica\/","title":{"rendered":"Santa Fe: El protector solar fabricado por el LIF ser\u00e1 gratuito y se entregar\u00e1 bajo prescripci\u00f3n m\u00e9dica"},"content":{"rendered":"<p>As\u00ed lo indicaron desde el Laboratorio de Industria Farmac\u00e9utica en el marco de los festejos por sus 75 a\u00f1os. Santa Fe se convierte en la primera provincia del pa\u00eds que cuente con producci\u00f3n p\u00fablica de este producto.<\/p>\n<p>El laboratorio p\u00fablico de la provincia est\u00e1 transitando su 75\u00b0 aniversario y para celebrarlo viene realizando diferentes actividades conmemorativas. En ese marco, este martes se realiz\u00f3 el anuncio oficial del Protector Solar LIF.<\/p>\n<p>De esta forma, Santa Fe se convierte en la primera provincia del pa\u00eds que cuente con producci\u00f3n p\u00fablica de este producto, y se formalizar\u00e1n los circuitos de distribuci\u00f3n del mismo.<\/p>\n<p>El nombre completo del producto ser\u00e1 \u00abProtector Solar marca LIF SE: FPS 50+ con Filtro solar UVA-UVB\u00bb y vendr\u00e1 en\u00a0envase x 70 g.<\/p>\n<p>Elida Formente, integrante del directorio del Laboratorio Industrial Farmac\u00e9utico de la provincia,\u00a0inform\u00f3 que los protectores se otorgar\u00e1n \u00aba trav\u00e9s del sistema de salud, como todas las especialidades medicinales, cuando dermat\u00f3logos y m\u00e9dicos especialistas lo prescriban para distintos riesgos, patolog\u00edas o condiciones que necesiten el factor\u00bb<\/p>\n<p>Aclar\u00f3 que la primera etapa\u00a0ser\u00e1 mediante receta pero que \u00abdespu\u00e9s por supuesto que quisi\u00e9ramos trabajar tambi\u00e9n en lo que tiene que ver con prevenci\u00f3n y educaci\u00f3n sanitaria\u00bb.<\/p>\n<p>Destac\u00f3 que se trata de una situaci\u00f3n in\u00e9dita para Santa Fe: \u00abTener un protector solar, de fabricaci\u00f3n p\u00fablica, propia y que pueda ser de acceso gratuito, significa mucho\u00bb.<\/p>\n<p>\u00abEl LIF siempre es referencia, ya lo fue con el cannabis medicina, ahora lo va a ser con el protector solar. La idea no es solamente un producto, sino que tambi\u00e9n haya mucha conciencia en cuanto a cuidados de la salud\u00bb, resalt\u00f3.<\/p>\n<p>En el marco de los 75 a\u00f1os del laboratorio, destac\u00f3 la producci\u00f3n record de 2022: \u00abAdem\u00e1s de haber hecho frente a la pandemia, tenemos un r\u00e9cord productivo; ya lo estamos teniendo y a fin de a\u00f1o ser\u00e1 mayor todav\u00eda\u00bb.<\/p>\n<p>\u00abLos 75 a\u00f1os tiene que ver con reconocer la historia, con reconocer las ra\u00edces, reconocer a la comunidad LIF que viene trabajando incansablemente para poder poner a disposici\u00f3n de quienes lo necesiten distintas especialidades medicinales. Tiene que ver con no olvidarse del contexto, en la reivindicaci\u00f3n de las pol\u00edticas de salud p\u00fabicas y que hoy no solamente las estamos fortaleciendo sino que tambi\u00e9n estamos apostando al crecimiento\u00bb, manifest\u00f3 la licenciada Elida Formente.<\/p>\n<h6>Fuente: Uno<\/h6>\n","protected":false},"excerpt":{"rendered":"<p>As\u00ed lo indicaron desde el Laboratorio de Industria Farmac\u00e9utica en el marco de los festejos por sus 75 a\u00f1os. Santa Fe se convierte en la primera provincia del pa\u00eds que cuente con producci\u00f3n p\u00fablica de este producto.<\/p>\n","protected":false},"author":2,"featured_media":130764,"comment_status":"closed","ping_status":"closed","sticky":false,"template":"","format":"standard","meta":{"footnotes":""},"categories":[65],"tags":[10],"class_list":["post-130763","post","type-post","status-publish","format-standard","has-post-thumbnail","hentry","category-provincias","tag-santa-fe"],"_links":{"self":[{"href":"http:\/\/argentinamunicipal.com.ar\/argentina\/wp-json\/wp\/v2\/posts\/130763","targetHints":{"allow":["GET"]}}],"collection":[{"href":"http:\/\/argentinamunicipal.com.ar\/argentina\/wp-json\/wp\/v2\/posts"}],"about":[{"href":"http:\/\/argentinamunicipal.com.ar\/argentina\/wp-json\/wp\/v2\/types\/post"}],"author":[{"embeddable":true,"href":"http:\/\/argentinamunicipal.com.ar\/argentina\/wp-json\/wp\/v2\/users\/2"}],"replies":[{"embeddable":true,"href":"http:\/\/argentinamunicipal.com.ar\/argentina\/wp-json\/wp\/v2\/comments?post=130763"}],"version-history":[{"count":0,"href":"http:\/\/argentinamunicipal.com.ar\/argentina\/wp-json\/wp\/v2\/posts\/130763\/revisions"}],"wp:featuredmedia":[{"embeddable":true,"href":"http:\/\/argentinamunicipal.com.ar\/argentina\/wp-json\/wp\/v2\/media\/130764"}],"wp:attachment":[{"href":"http:\/\/argentinamunicipal.com.ar\/argentina\/wp-json\/wp\/v2\/media?parent=130763"}],"wp:term":[{"taxonomy":"category","embeddable":true,"href":"http:\/\/argentinamunicipal.com.ar\/argentina\/wp-json\/wp\/v2\/categories?post=130763"},{"taxonomy":"post_tag","embeddable":true,"href":"http:\/\/argentinamunicipal.com.ar\/argentina\/wp-json\/wp\/v2\/tags?post=130763"}],"curies":[{"name":"wp","href":"https:\/\/api.w.org\/{rel}","templated":true}]}}