{"id":130840,"date":"2022-10-31T05:13:46","date_gmt":"2022-10-31T08:13:46","guid":{"rendered":"http:\/\/argentinamunicipal.com.ar\/argentina\/?p=130840"},"modified":"2022-10-28T06:16:45","modified_gmt":"2022-10-28T09:16:45","slug":"guaymallen-hizo-firmar-actas-de-confidencialidad-a-sus-empleados-y-se-armo-un-revuelo-politico","status":"publish","type":"post","link":"http:\/\/argentinamunicipal.com.ar\/argentina\/guaymallen-hizo-firmar-actas-de-confidencialidad-a-sus-empleados-y-se-armo-un-revuelo-politico\/","title":{"rendered":"Guaymall\u00e9n hizo firmar \u00abactas de confidencialidad\u00bb a sus empleados y se arm\u00f3 un revuelo pol\u00edtico"},"content":{"rendered":"<p>El Municipio de Guaymall\u00e9n hace que sus empleados firmen un acta de confidencialidad para impedir que se difunda \u00abinformaci\u00f3n no clasificada como p\u00fablica\u00bb. La medida gener\u00f3 indignaci\u00f3n en el peronismo, aunque en la comuna tambi\u00e9n respondieron con todo<\/p>\n<p>La\u00a0Municipalidad de Guaymall\u00e9n\u00a0hace que sus empleados firmen un\u00a0acta de confidencialidad\u00a0que los compromete a \u00abguardar\u00a0m\u00e1xima reserva y secreto\u00bb sobre los datos a los que acceden. La medida de la gesti\u00f3n radical gener\u00f3 revuelo en\u00a0el peronismo, y la pelota del\u00a0debate\u00a0qued\u00f3 picando en el \u00e1rea chica.<\/p>\n<p>El primero en mediatizar el tema fue el presidente del bloque del Frente de Todos en el Senado provincial, Lucas Ilardo, quien tuite\u00f3:<\/p>\n<p>A partir de ah\u00ed, otros referentes de la pol\u00edtica salieron a opinar. La concejala guaymallina Ayel\u00e9n Mantello (PJ), por ejemplo, apoy\u00f3 la cr\u00edtica de Ilardo: \u00abAs\u00ed funciona el ej\u00e9rcito militar de Marcelino Iglesias, con aprietes. Los mismos que llegaron hablando de transparencia y buenos modales ya no saben como tapar m\u00e1s chanchullos\u00bb, acus\u00f3.<\/p>\n<p>Aqu\u00ed abajo puede leerse el acta en cuesti\u00f3n. Por supuesto,\u00a0las contestaciones a Ilardo no tardaron en llegar.<\/p>\n<p><strong>Dura respuesta desde la Municipalidad de Guaymall\u00e9n<\/strong><br \/>\nEn la Municipalidad de Guaymall\u00e9n\u00a0no se quedaron con el entripado\u00a0y respondieron.<\/p>\n<p>El secretario de Gobierno y Desarrollo Social de la comuna,\u00a0Nicol\u00e1s Gonz\u00e1lez Per\u00e9jamo, lament\u00f3 \u00abtener que dedicar tiempo a estas\u00a0teor\u00edas conspiranoicas\u00a0cuando el problema que tienen los vecinos es que los est\u00e1 destrozando la\u00a0inflaci\u00f3n\u00a0que el gobierno nacional no controla\u00bb.<\/p>\n<p>\u00abVoy a ser categ\u00f3rico -espet\u00f3 Gonz\u00e1lez Per\u00e9jamo en di\u00e1logo con UNO-: a esta altura\u00a0no s\u00e9 si lo de Ilardo es mala intenci\u00f3n o falta de inteligencia. Cada vez que hacemos un giro para lograr que el municipio sea una empresa de servicios seria (sic), nos encontramos con quejas y alaridos por parte del justicialismo.\u00a0Les molesta que seamos una empresa eficiente\u00bb.<\/p>\n<p>El funcionario asegur\u00f3 que\u00a0\u00abcada vez que se avanza en el ingreso por concurso, la mejora de controles o la b\u00fasqueda de excelencia\u00bb\u00a0la oposici\u00f3n denuncia al municipio por llevar adelante presuntas pol\u00edticas \u00abfascistas\u00bb.<\/p>\n<p>\u00abPero cuando (el exintendente)\u00a0Luis Lobos\u00a0met\u00eda gente a dedo en la comuna -lleg\u00f3 a haber 4.000 empleados- los peronistas no se quejaban tanto\u00bb, sigui\u00f3 Gonz\u00e1lez Per\u00e9jamo.<\/p>\n<p>-\u00bfEn qu\u00e9 se basaron para dise\u00f1ar el acta de confidencialidad que se aplica en Guaymall\u00e9n?<\/p>\n<p>-Es la ley y son las pol\u00edticas que lleva adelante cualquier empresa seria. Como funcionarios p\u00fablicos, nosotros estamos afectados por una serie de normas que tienen que ver con el modo en que manejamos la informaci\u00f3n. Hay, por ejemplo, empleados municipales que tienen contacto con sumarios administrativos, o con padrones donde aparecen los bienes de los vecinos.\u00a0Otro ejemplo es cuando hay una licitaci\u00f3n y hay varios oferentes.\u00a0Se trata de datos sensibles que deben preservarse. De lo contrario se corre el riesgo de irregularidades.<\/p>\n<p>Desde la comuna a\u00f1aden que el acta se funda en leyes como la Ley de\u00a0Protecci\u00f3n de Datos Personales\u00a0(25.326), la de\u00a0Delitos Inform\u00e1ticos\u00a0(26.388), la de\u00a0Firma Digital\u00a0(25.506), la de\u00a0\u00c9tica en el Ejercicio de la Funci\u00f3n P\u00fablica\u00a0(25.188), la de\u00a0Propiedad Intelectual\u00a0(11.723), la de\u00a0Procedimiento Administrativo Nacional\u00a0(19.549), la de\u00a0Procedimiento Administrativo Provincial\u00a0(9.003) y la de\u00a0Administraci\u00f3n Financiera\u00a0(8.706, art. 176).<\/p>\n<p>A su vez, desde el\u00a0Frente de Izquierda (FIT)\u00a0-que actualmente no tiene representaci\u00f3n en el Concejo Deliberante- tambi\u00e9n hubo voces que repudiaron la novedad y se preguntaron qu\u00e9 objetivo hay detr\u00e1s de hacer firmar a los empleados un papel que, en teor\u00eda,\u00a0no modifica ni ampl\u00eda a la normativa establecida.<\/p>\n<p>-Cuando se intenta callar a alguien es porque algo se quiere esconder- ironiz\u00f3 el\u00a0exconcejal del FIT Carlos Espeche.<\/p>\n<p>Sin embargo, el secretario de Gobierno\u00a0Gonz\u00e1lez Per\u00e9jamo\u00a0tiene su opini\u00f3n al respecto.<\/p>\n<p>-Pero si ya existe tanta normativa previa, \u00bfpara qu\u00e9 hacer que los empleados firmen un acta \u00abextra\u00bb?<\/p>\n<p>-Porque\u00a0queremos que las personas que trabajan en la municipalidad tengan plena conciencia de sus responsabilidades.\u00a0En estos d\u00edas nos hemos visto obligados a leer acusaciones absurdas sobre este asunto. Hablan de persecuci\u00f3n, de irregularidades de la municipalidad&#8230; no tiene sentido.<\/p>\n<p>-\u00bfY usted estar\u00eda de acuerdo con que la misma acta de confidencialidad se aplicara, por ejemplo, para empleados p\u00fablicos nacionales?<\/p>\n<p>-S\u00ed, porque es lo que dicta la ley. Es simplemente optimizar la forma en que administramos la plata de los vecinos. Respecto a esas acusaciones infundadas&#8230;somos gente que decidi\u00f3 aportar algo al mundo. No nos podemos hacer cargo de los sue\u00f1os h\u00famedos de Ilardo.<\/p>\n<p>-El acta proh\u00edbe la difusi\u00f3n de datos no clasificados como \u00abp\u00fablicos\u00bb. En el caso de Guaymall\u00e9n, \u00bfqui\u00e9n definir\u00eda cu\u00e1les son los datos p\u00fablicos y cu\u00e1les no lo son?<\/p>\n<p>-Otra vez: la ley. Las licitaciones y operaciones de la comuna se publican en el Bolet\u00edn Oficial, y lo que es reservado no. Eso el peronismo lo sabe perfectamente. Por eso es de cararrotas que salgan a cuestionar esta pol\u00edtica mientras los 330.000 vecinos de Guaymall\u00e9n reclaman garant\u00edas y mejoras concretas.<\/p>\n<p>\u00bfSeguir\u00e1 la discusi\u00f3n?\u00a0\u00bfHabr\u00e1 nuevos argumentos? \u00bfLlegar\u00e1 la disputa a la Justicia? Por ahora, la pugna es con final abierto.<\/p>\n<h6>Fuente: Uno<\/h6>\n","protected":false},"excerpt":{"rendered":"<p>El Municipio de Guaymall\u00e9n hace que sus empleados firmen un acta de confidencialidad para impedir que se difunda \u00abinformaci\u00f3n no clasificada como p\u00fablica\u00bb.<\/p>\n","protected":false},"author":2,"featured_media":130841,"comment_status":"closed","ping_status":"closed","sticky":false,"template":"","format":"standard","meta":{"footnotes":""},"categories":[4],"tags":[31],"class_list":["post-130840","post","type-post","status-publish","format-standard","has-post-thumbnail","hentry","category-informe-politico","tag-mendoza"],"_links":{"self":[{"href":"http:\/\/argentinamunicipal.com.ar\/argentina\/wp-json\/wp\/v2\/posts\/130840","targetHints":{"allow":["GET"]}}],"collection":[{"href":"http:\/\/argentinamunicipal.com.ar\/argentina\/wp-json\/wp\/v2\/posts"}],"about":[{"href":"http:\/\/argentinamunicipal.com.ar\/argentina\/wp-json\/wp\/v2\/types\/post"}],"author":[{"embeddable":true,"href":"http:\/\/argentinamunicipal.com.ar\/argentina\/wp-json\/wp\/v2\/users\/2"}],"replies":[{"embeddable":true,"href":"http:\/\/argentinamunicipal.com.ar\/argentina\/wp-json\/wp\/v2\/comments?post=130840"}],"version-history":[{"count":0,"href":"http:\/\/argentinamunicipal.com.ar\/argentina\/wp-json\/wp\/v2\/posts\/130840\/revisions"}],"wp:featuredmedia":[{"embeddable":true,"href":"http:\/\/argentinamunicipal.com.ar\/argentina\/wp-json\/wp\/v2\/media\/130841"}],"wp:attachment":[{"href":"http:\/\/argentinamunicipal.com.ar\/argentina\/wp-json\/wp\/v2\/media?parent=130840"}],"wp:term":[{"taxonomy":"category","embeddable":true,"href":"http:\/\/argentinamunicipal.com.ar\/argentina\/wp-json\/wp\/v2\/categories?post=130840"},{"taxonomy":"post_tag","embeddable":true,"href":"http:\/\/argentinamunicipal.com.ar\/argentina\/wp-json\/wp\/v2\/tags?post=130840"}],"curies":[{"name":"wp","href":"https:\/\/api.w.org\/{rel}","templated":true}]}}