{"id":13101,"date":"2014-08-09T09:27:01","date_gmt":"2014-08-09T12:27:01","guid":{"rendered":"http:\/\/argentinamunicipal.com.ar\/argentina\/?p=13101"},"modified":"2014-08-09T09:27:01","modified_gmt":"2014-08-09T12:27:01","slug":"provincia-capacitara-a-municipios-rionegrinos-en-el-uso-de-nuevas-tecnologias-para-la-gestion-territorial","status":"publish","type":"post","link":"http:\/\/argentinamunicipal.com.ar\/argentina\/provincia-capacitara-a-municipios-rionegrinos-en-el-uso-de-nuevas-tecnologias-para-la-gestion-territorial\/","title":{"rendered":"Provincia capacitar\u00e1 a municipios rionegrinos en el uso de nuevas tecnolog\u00edas para la gesti\u00f3n territorial"},"content":{"rendered":"<p><a href=\"http:\/\/argentinamunicipal.com.ar\/argentina\/wp-content\/uploads\/2014\/08\/00009346.jpg\"><img loading=\"lazy\" decoding=\"async\" class=\"aligncenter  wp-image-13102\" src=\"http:\/\/argentinamunicipal.com.ar\/argentina\/wp-content\/uploads\/2014\/08\/00009346.jpg\" alt=\"00009346\" width=\"740\" height=\"365\" srcset=\"http:\/\/argentinamunicipal.com.ar\/argentina\/wp-content\/uploads\/2014\/08\/00009346.jpg 924w, http:\/\/argentinamunicipal.com.ar\/argentina\/wp-content\/uploads\/2014\/08\/00009346-300x148.jpg 300w\" sizes=\"auto, (max-width: 740px) 100vw, 740px\" \/><\/a><\/p>\n<p>El pr\u00f3ximo martes se realizar\u00e1 en Viedma la 3\u00ba Jornada de Integraci\u00f3n a la Infraestructura de Datos Espaciales de R\u00edo Negro. Se abordar\u00e1n temas vinculados al catastro multifinalitario, los sistemas de informaci\u00f3n geogr\u00e1fica, la cartograf\u00eda y la estad\u00edstica municipal.<\/p>\n<p>El encuentro est\u00e1 impulsado por la Secretar\u00eda de Planificaci\u00f3n de la Provincia, dependiente de la Secretar\u00eda General, y la Infraestructura de Datos Espaciales de la Provincia de R\u00edo Negro (IDERN). Se realizar\u00e1 el martes 12 de agosto, a partir de las 9, en el Microcine del CURZA (Centro Universitario Regional Zona Atl\u00e1ntica, de la Universidad Nacional del Comahue).<br \/>\nLa Jornada est\u00e1 destinada a intendentes, funcionarios y t\u00e9cnicos de los municipios de la provincia y de organismos provinciales, mostrando las diferentes posibilidades de mejora de la gesti\u00f3n urbana a partir de las herramientas que hoy ofrece la tecnolog\u00eda.<\/p>\n<p>Se debatir\u00e1n problemas comunes para peque\u00f1as y grandes localidades, en referencia a la nueva mirada del catastro, la planificaci\u00f3n urbana, la gesti\u00f3n de servicios y las problem\u00e1ticas socio-ambientales, entre otros. Participar\u00e1n expositores con amplia trayectoria en el campo de la geom\u00e1tica, el catastro multifinalitario, la estad\u00edstica municipal, la cartograf\u00eda y las bases de datos, entre otros.<\/p>\n<p>Esta iniciativa se brinda en el contexto del Programa de Promoci\u00f3n de la Informaci\u00f3n Territorial que impulsa la Secretar\u00eda de Planificaci\u00f3n de R\u00edo Negro, con el objetivo de difundir las ventajas del uso de Sistemas de Informaci\u00f3n Geogr\u00e1fica (SIG) vinculados a las Infraestructuras de Datos Espaciales (IDE) para mejorar la capacidad de gesti\u00f3n de los organismos p\u00fablicos.<\/p>\n<p>El Programa prev\u00e9 asimismo la realizaci\u00f3n de capacitaciones en Sistemas de Informaci\u00f3n Geogr\u00e1fica (SIG), que comenzar\u00e1n a partir del 13 de agosto en el CURZA (Viedma), de 9 a 18 y continuar\u00e1n con cuatro encuentros m\u00e1s en las ciudades de Cipolletti, Choele Choel, Maquinchao y Bariloche, culminado en noviembre.<\/p>\n<p>Estas capacitaciones est\u00e1n dirigidas a t\u00e9cnicos municipales y provinciales y est\u00e1n organizadas por la Infraestructura de Datos Espaciales de R\u00edo Negro con el apoyo del INTA y del Consejo Federal de Inversiones.<\/p>\n<p>La informaci\u00f3n geogr\u00e1fica es un elemento fundamental para la gesti\u00f3n territorial y urbana porque permite realizar an\u00e1lisis complejos de la realidad espacial r\u00e1pidamente, y permite una mayor eficiencia en la toma de decisiones por parte del Estado.<\/p>\n<h6>Fuente: El Cordillerano<\/h6>\n","protected":false},"excerpt":{"rendered":"<p>El pr\u00f3ximo martes se realizar\u00e1 en Viedma la 3\u00ba Jornada de Integraci\u00f3n a la Infraestructura de Datos Espaciales de R\u00edo Negro. Se abordar\u00e1n temas vinculados al catastro multifinalitario, los sistemas de informaci\u00f3n geogr\u00e1fica, la cartograf\u00eda y la estad\u00edstica municipal. El encuentro est\u00e1 impulsado por la Secretar\u00eda de Planificaci\u00f3n de la Provincia, dependiente de la Secretar\u00eda<\/p>\n","protected":false},"author":2,"featured_media":13102,"comment_status":"closed","ping_status":"closed","sticky":false,"template":"","format":"standard","meta":{"footnotes":""},"categories":[2],"tags":[11],"class_list":["post-13101","post","type-post","status-publish","format-standard","has-post-thumbnail","hentry","category-informe-municipal","tag-rio-negro"],"_links":{"self":[{"href":"http:\/\/argentinamunicipal.com.ar\/argentina\/wp-json\/wp\/v2\/posts\/13101","targetHints":{"allow":["GET"]}}],"collection":[{"href":"http:\/\/argentinamunicipal.com.ar\/argentina\/wp-json\/wp\/v2\/posts"}],"about":[{"href":"http:\/\/argentinamunicipal.com.ar\/argentina\/wp-json\/wp\/v2\/types\/post"}],"author":[{"embeddable":true,"href":"http:\/\/argentinamunicipal.com.ar\/argentina\/wp-json\/wp\/v2\/users\/2"}],"replies":[{"embeddable":true,"href":"http:\/\/argentinamunicipal.com.ar\/argentina\/wp-json\/wp\/v2\/comments?post=13101"}],"version-history":[{"count":0,"href":"http:\/\/argentinamunicipal.com.ar\/argentina\/wp-json\/wp\/v2\/posts\/13101\/revisions"}],"wp:featuredmedia":[{"embeddable":true,"href":"http:\/\/argentinamunicipal.com.ar\/argentina\/wp-json\/wp\/v2\/media\/13102"}],"wp:attachment":[{"href":"http:\/\/argentinamunicipal.com.ar\/argentina\/wp-json\/wp\/v2\/media?parent=13101"}],"wp:term":[{"taxonomy":"category","embeddable":true,"href":"http:\/\/argentinamunicipal.com.ar\/argentina\/wp-json\/wp\/v2\/categories?post=13101"},{"taxonomy":"post_tag","embeddable":true,"href":"http:\/\/argentinamunicipal.com.ar\/argentina\/wp-json\/wp\/v2\/tags?post=13101"}],"curies":[{"name":"wp","href":"https:\/\/api.w.org\/{rel}","templated":true}]}}