{"id":13104,"date":"2014-08-09T09:32:19","date_gmt":"2014-08-09T12:32:19","guid":{"rendered":"http:\/\/argentinamunicipal.com.ar\/argentina\/?p=13104"},"modified":"2014-08-09T09:32:19","modified_gmt":"2014-08-09T12:32:19","slug":"hoy-se-celebra-el-dia-internacional-de-los-pueblos-indigenas","status":"publish","type":"post","link":"http:\/\/argentinamunicipal.com.ar\/argentina\/hoy-se-celebra-el-dia-internacional-de-los-pueblos-indigenas\/","title":{"rendered":"Hoy se celebra el D\u00eda Internacional de los Pueblos Ind\u00edgenas"},"content":{"rendered":"<p><a href=\"http:\/\/argentinamunicipal.com.ar\/argentina\/wp-content\/uploads\/2014\/08\/525e8f730f38e_565_319.jpg\"><img loading=\"lazy\" decoding=\"async\" class=\"alignleft size-full wp-image-13105\" src=\"http:\/\/argentinamunicipal.com.ar\/argentina\/wp-content\/uploads\/2014\/08\/525e8f730f38e_565_319.jpg\" alt=\"525e8f730f38e_565_319!\" width=\"565\" height=\"319\" srcset=\"http:\/\/argentinamunicipal.com.ar\/argentina\/wp-content\/uploads\/2014\/08\/525e8f730f38e_565_319.jpg 565w, http:\/\/argentinamunicipal.com.ar\/argentina\/wp-content\/uploads\/2014\/08\/525e8f730f38e_565_319-300x169.jpg 300w\" sizes=\"auto, (max-width: 565px) 100vw, 565px\" \/><\/a>Hace 20 a\u00f1os, el 9 de agosto de 1994, la Organizaci\u00f3n de las Naciones Unidas declaraba esa jornada en compromiso a las comunidades originarias.<\/p>\n<p>Este s\u00e1bado se conmemora en todo el mundo el vig\u00e9simo aniversario de la declaraci\u00f3n del 9 de agosto como el D\u00eda Internacional de los Pueblos Ind\u00edgenas, establecida por las Naciones Unidas.<\/p>\n<p>Durante la jornada del viernes, la diputada juje\u00f1a Ester Maman\u00ed explic\u00f3 a la agencia estatal T\u00e9lam que esta ocasi\u00f3n permite \u00abseguir fortaleciendo la cooperaci\u00f3n para la soluci\u00f3n de los problemas que afrontan las comunidades abor\u00edgenes\u00bb. <\/p>\n<p>La diputada provincial del Frente Unidos y Organizados por la Soberan\u00eda Popular (FUyO), record\u00f3 que la Declaraci\u00f3n de los Derechos de los Pueblos Ind\u00edgenas cost\u00f3 20 a\u00f1os de lucha y \u00abdemostr\u00f3 al mundo que la paciencia es la madre de nuestra fuerza, as\u00ed seguiremos luchando para que cada proyecto que presentamos se trate en la legislatura de la provincia y sea aprobado\u00bb. <\/p>\n<p>En este sentido, Maman\u00ed destac\u00f3 la importancia de todos los proyectos presentados en la C\u00e1mara de Diputados referidos a las comunidades abor\u00edgenes: \u00abSon una parte de las tantas propuestas que venimos construyendo no s\u00f3lo como Unidos y Organizados, sino con el acompa\u00f1amiento de muchas comunidades originarias que d\u00eda a d\u00eda nos exigen m\u00e1s y m\u00e1s\u00bb. <\/p>\n<p>La legisladora record\u00f3 que entre las propuestas presentadas figura el proyecto para que la Wiphalla se considere un s\u00edmbolo nacional en igualdad de condiciones con la bandera nacional y de la libertad civil juje\u00f1a. <\/p>\n<p>\u00abCreo que Jujuy se ha adelantado en cuesti\u00f3n de pol\u00edtica ind\u00edgena, creo que la Pachamama nos est\u00e1 poniendo a prueba a todos y todas y es nuestro deber, como legisladores, como hijos de la madre tierra y como juje\u00f1os, devolver la confianza en la pol\u00edtica\u00bb, afirm\u00f3. <\/p>\n<p>El D\u00eda Internacional de los Pueblos Ind\u00edgenas fue establecido por la Asamblea General de las Naciones Unidas el 23 de diciembre de 1994.<\/p>\n<h6>Fuente: MDZ Online<\/h6>\n","protected":false},"excerpt":{"rendered":"<p>Hace 20 a\u00f1os, el 9 de agosto de 1994, la Organizaci\u00f3n de las Naciones Unidas declaraba esa jornada en compromiso a las comunidades originarias. Este s\u00e1bado se conmemora en todo el mundo el vig\u00e9simo aniversario de la declaraci\u00f3n del 9 de agosto como el D\u00eda Internacional de los Pueblos Ind\u00edgenas, establecida por las Naciones Unidas.<\/p>\n","protected":false},"author":2,"featured_media":13105,"comment_status":"closed","ping_status":"closed","sticky":false,"template":"","format":"standard","meta":{"footnotes":""},"categories":[22],"tags":[57],"class_list":["post-13104","post","type-post","status-publish","format-standard","has-post-thumbnail","hentry","category-el-mundo","tag-el-mundo"],"_links":{"self":[{"href":"http:\/\/argentinamunicipal.com.ar\/argentina\/wp-json\/wp\/v2\/posts\/13104","targetHints":{"allow":["GET"]}}],"collection":[{"href":"http:\/\/argentinamunicipal.com.ar\/argentina\/wp-json\/wp\/v2\/posts"}],"about":[{"href":"http:\/\/argentinamunicipal.com.ar\/argentina\/wp-json\/wp\/v2\/types\/post"}],"author":[{"embeddable":true,"href":"http:\/\/argentinamunicipal.com.ar\/argentina\/wp-json\/wp\/v2\/users\/2"}],"replies":[{"embeddable":true,"href":"http:\/\/argentinamunicipal.com.ar\/argentina\/wp-json\/wp\/v2\/comments?post=13104"}],"version-history":[{"count":0,"href":"http:\/\/argentinamunicipal.com.ar\/argentina\/wp-json\/wp\/v2\/posts\/13104\/revisions"}],"wp:featuredmedia":[{"embeddable":true,"href":"http:\/\/argentinamunicipal.com.ar\/argentina\/wp-json\/wp\/v2\/media\/13105"}],"wp:attachment":[{"href":"http:\/\/argentinamunicipal.com.ar\/argentina\/wp-json\/wp\/v2\/media?parent=13104"}],"wp:term":[{"taxonomy":"category","embeddable":true,"href":"http:\/\/argentinamunicipal.com.ar\/argentina\/wp-json\/wp\/v2\/categories?post=13104"},{"taxonomy":"post_tag","embeddable":true,"href":"http:\/\/argentinamunicipal.com.ar\/argentina\/wp-json\/wp\/v2\/tags?post=13104"}],"curies":[{"name":"wp","href":"https:\/\/api.w.org\/{rel}","templated":true}]}}