{"id":1312,"date":"2014-02-17T16:58:59","date_gmt":"2014-02-17T19:58:59","guid":{"rendered":"http:\/\/argentinamunicipal.com.ar\/argentina\/?p=1312"},"modified":"2014-02-17T16:58:59","modified_gmt":"2014-02-17T19:58:59","slug":"rio-gallegos-las-heras-y-el-calafate-tambien-contaran-con-centros-de-dia","status":"publish","type":"post","link":"http:\/\/argentinamunicipal.com.ar\/argentina\/rio-gallegos-las-heras-y-el-calafate-tambien-contaran-con-centros-de-dia\/","title":{"rendered":"R\u00edo Gallegos, Las Heras y El Calafate tambi\u00e9n contar\u00e1n con Centros de D\u00eda"},"content":{"rendered":"<div id=\"attachment_1313\" style=\"width: 629px\" class=\"wp-caption aligncenter\"><a href=\"http:\/\/argentinamunicipal.com.ar\/argentina\/wp-content\/uploads\/2014\/02\/53016ca6ae1ad_619_347.jpg\"><img loading=\"lazy\" decoding=\"async\" aria-describedby=\"caption-attachment-1313\" class=\"size-full wp-image-1313\" alt=\"En rueda de prensa, acompa\u00f1ado por el gobernador Daniel Peralta, el titular de la SEDRONAR, Juan Carlos Molina, anunci\u00f3 la construcci\u00f3n de nuevos Centros de D\u00eda en Santa Cruz.\" src=\"http:\/\/argentinamunicipal.com.ar\/argentina\/wp-content\/uploads\/2014\/02\/53016ca6ae1ad_619_347.jpg\" width=\"619\" height=\"347\" srcset=\"http:\/\/argentinamunicipal.com.ar\/argentina\/wp-content\/uploads\/2014\/02\/53016ca6ae1ad_619_347.jpg 619w, http:\/\/argentinamunicipal.com.ar\/argentina\/wp-content\/uploads\/2014\/02\/53016ca6ae1ad_619_347-300x168.jpg 300w\" sizes=\"auto, (max-width: 619px) 100vw, 619px\" \/><\/a><p id=\"caption-attachment-1313\" class=\"wp-caption-text\">En rueda de prensa, acompa\u00f1ado por el gobernador Daniel Peralta, el titular de la SEDRONAR, Juan Carlos Molina, anunci\u00f3 la construcci\u00f3n de nuevos Centros de D\u00eda en Santa Cruz.<\/p><\/div>\n<p>El titular de la Secretar\u00eda de Programaci\u00f3n para la Prevenci\u00f3n de la Drogadicci\u00f3n y la Lucha contra el Narcotr\u00e1fico, Juan Carlos Molina, se reuni\u00f3 el jueves con el gobernador Daniel Peralta. Le hizo saber que por expreso pedido de la Presidente, R\u00edo Gallegos, Las Heras y El Calafate tambi\u00e9n contar\u00e1n con instituciones destinadas a asistir a j\u00f3venes con problemas de adicciones denominados Centros de D\u00eda, adem\u00e1s del ya anunciado para Caleta Olivia.<\/p>\n<p>Juan Carlos Molina, quien asumi\u00f3 a principios de diciembre la jefatura de la SEDRONAR, luego de tomar licencia ministerial como sacerdote salesiano, fue recibido por el mandatario provincial en Sal\u00f3n de Acuerdos y concensuaron realizar una tarea conjunta para combatir el flagelo del narcotr\u00e1fico.<\/p>\n<p>En esta nueva etapa de gesti\u00f3n, esa Secretar\u00eda de Estado lanz\u00f3 el programa \u201cRecuperar Inclusi\u00f3n\u201d que coordina con el Ministerio de Planificaci\u00f3n Federal. El mismo contempla la construcci\u00f3n de 40 nuevos Centros de D\u00eda en todo el pa\u00eds y ahora se confirm\u00f3 que Santa Cruz dispondr\u00e1 de al menos cuatro, tras haberse anunciado que el primero se construir\u00e1 en Caleta Olivia.<\/p>\n<h2>\u201cNo podemos hacer o\u00eddos sordos\u201d<\/h2>\n<p>En la rueda de prensa ofrecida en R\u00edo Gallegos, Molina dej\u00f3 expresamente sentado que la presidente Cristina Fern\u00e1ndez le encomend\u00f3 espec\u00edficamente \u201chacer territorio y meternos a trabajar con las comunidades para involucrarlas en este tema desde los distintos lugares que a cada ciudadano le toca ocupar\u201d.<\/p>\n<p>Sostuvo que ello es muy necesario \u201cporque el tema de las adicciones nos afecta a todos y no podemos como sociedad hacer o\u00eddos sordos. Es muy f\u00e1cil estar de1l otro lado y decir lo que hay que hacer, pero lo que hay que hacer es estar de este lado y ponerse a trabajar, porque esta problem\u00e1tica no es de partidos pol\u00edticos, gremios o religiones, es de toda la comunidad\u201d.<\/p>\n<p>En tal sentido, coment\u00f3 que \u201cnuestra propuesta es acompa\u00f1ar el plan Santa Cruz Previene, aportando lo que nosotros podemos llevar adelante\u201d<\/p>\n<p>\u201cPor eso, en cada localidad grande de esta provincia queremos instalar un Centro de D\u00eda. Ya se hizo p\u00fablico que lo vamos a hacer en Caleta Olivia y ahora vengo a informar que tambi\u00e9n vamos a crear este tipo de infraestructura en R\u00edo Gallegos, El Calafate y Las Heras\u201d, sostuvo.<\/p>\n<p>\u201cCreemos que estos son los lugares m\u00e1s complejos en lo que refiere a la problem\u00e1tica de chicos con adicciones, y esta tarea se va a sumar a los CEPLA, que son los centros de prevenci\u00f3n\u201d, apunt\u00f3.<\/p>\n<p>\u201cEs por ello que le hemos pedido al gobernador abrir todos los gimnasios de las escuelas una vez que termine la actividad \u00e1ulica, desde las siete de la tarde hasta las seis de la ma\u00f1ana, para que nuestros chicos puedan tener un lugar donde ir, donde puedan hacer distintas actividades pero por sobre todas las cosas, donde sean escuchados, contenidos y que se puedan quedar si no tienen d\u00f3nde ir a dormir\u201d, puntualiz\u00f3.<\/p>\n<h2>M\u00faltiples acciones<\/h2>\n<p>A la vez hizo saber que \u201chemos firmado con Ministerio de Educaci\u00f3n de la Naci\u00f3n un convenio para bajar las unidades educativas en cada Centro de D\u00eda, y otro con el Ministerio de Industria ya que estamos apuntar a la responsabilidad social de las empresas para que capaciten a los j\u00f3venes en algo que les permita una salida laboral\u201d.<\/p>\n<p>En ese mismo contexto revel\u00f3 que la SEDRONAR tambi\u00e9n formaliz\u00f3 acuerdos con el Ministerio de Salud para disponer de m\u00e9dicos, psic\u00f3logos y operadores terap\u00e9uticos, en tanto que con el Ministerio de Desarrollo Social \u201cvamos a trabajar con los planes Argentina Nuestra Cancha y L\u00edderes Deportivos\u201d.<\/p>\n<p>Finalmente indic\u00f3 que con la provincia se van a articular acciones \u201ca trav\u00e9s de los Centros Integradores Comunitarios y los Cenines que dependen de los municipios\u201d.<\/p>\n<p>Mientras, el gobernador Peralta dijo que le congratulaba la visita del cura Molina y que los proyectos de contenci\u00f3n que anunciara constituyen \u201cuna decisi\u00f3n pol\u00edtica que federaliza la nueva estructura del organismo nacional, que nosotros avalamos y vamos a integrarnos a partir del Programa Santa Cruz Previene\u201d.<\/p>\n<h6>Fuente: El Patag\u00f3nico<\/h6>\n","protected":false},"excerpt":{"rendered":"<p>El titular de la Secretar\u00eda de Programaci\u00f3n para la Prevenci\u00f3n de la Drogadicci\u00f3n y la Lucha contra el Narcotr\u00e1fico, Juan Carlos Molina, se reuni\u00f3 el jueves con el gobernador Daniel Peralta. Le hizo saber que por expreso pedido de la Presidente, R\u00edo Gallegos, Las Heras y El Calafate tambi\u00e9n contar\u00e1n con instituciones destinadas a asistir<\/p>\n","protected":false},"author":1,"featured_media":1313,"comment_status":"closed","ping_status":"closed","sticky":false,"template":"","format":"standard","meta":{"footnotes":""},"categories":[2],"tags":[29],"class_list":["post-1312","post","type-post","status-publish","format-standard","has-post-thumbnail","hentry","category-informe-municipal","tag-santa-cruz"],"_links":{"self":[{"href":"http:\/\/argentinamunicipal.com.ar\/argentina\/wp-json\/wp\/v2\/posts\/1312","targetHints":{"allow":["GET"]}}],"collection":[{"href":"http:\/\/argentinamunicipal.com.ar\/argentina\/wp-json\/wp\/v2\/posts"}],"about":[{"href":"http:\/\/argentinamunicipal.com.ar\/argentina\/wp-json\/wp\/v2\/types\/post"}],"author":[{"embeddable":true,"href":"http:\/\/argentinamunicipal.com.ar\/argentina\/wp-json\/wp\/v2\/users\/1"}],"replies":[{"embeddable":true,"href":"http:\/\/argentinamunicipal.com.ar\/argentina\/wp-json\/wp\/v2\/comments?post=1312"}],"version-history":[{"count":0,"href":"http:\/\/argentinamunicipal.com.ar\/argentina\/wp-json\/wp\/v2\/posts\/1312\/revisions"}],"wp:featuredmedia":[{"embeddable":true,"href":"http:\/\/argentinamunicipal.com.ar\/argentina\/wp-json\/wp\/v2\/media\/1313"}],"wp:attachment":[{"href":"http:\/\/argentinamunicipal.com.ar\/argentina\/wp-json\/wp\/v2\/media?parent=1312"}],"wp:term":[{"taxonomy":"category","embeddable":true,"href":"http:\/\/argentinamunicipal.com.ar\/argentina\/wp-json\/wp\/v2\/categories?post=1312"},{"taxonomy":"post_tag","embeddable":true,"href":"http:\/\/argentinamunicipal.com.ar\/argentina\/wp-json\/wp\/v2\/tags?post=1312"}],"curies":[{"name":"wp","href":"https:\/\/api.w.org\/{rel}","templated":true}]}}