{"id":132076,"date":"2022-12-08T10:15:17","date_gmt":"2022-12-08T13:15:17","guid":{"rendered":"http:\/\/argentinamunicipal.com.ar\/argentina\/?p=132076"},"modified":"2022-12-08T10:15:17","modified_gmt":"2022-12-08T13:15:17","slug":"despues-de-30-anos-el-tren-volvio-a-circular-en-mendoza","status":"publish","type":"post","link":"http:\/\/argentinamunicipal.com.ar\/argentina\/despues-de-30-anos-el-tren-volvio-a-circular-en-mendoza\/","title":{"rendered":"Despu\u00e9s de 30 a\u00f1os, el tren volvi\u00f3 a circular en Mendoza"},"content":{"rendered":"<p>El titular de Trenes Argentinos, Mart\u00edn Marinucci, particip\u00f3 del recorrido de prueba entre las estaciones de Libertador General San Mart\u00edn y Palmira, a 50 kil\u00f3metros de la capital provincial. Seg\u00fan coment\u00f3 la senadora Anabel Sagasti, \u00abla idea es que en marzo pr\u00f3ximo tengamos una frecuencia cotidiana con Buenos Aires\u00bb.<\/p>\n<p>Luego de 30 a\u00f1os de inactividad, una formaci\u00f3n de pasajeros de Trenes Argentinos lleg\u00f3 este viernes a Mendoza en un viaje de prueba donde fue recibida por cientos de personas que agitaban banderas celestes y blancas desde la estaci\u00f3n Libertador General San Martin hasta la estaci\u00f3n de Palmira, a unos 50 kil\u00f3metros de la capital provincial.<\/p>\n<p>\u00abTrabajamos para unir Buenos Aires con Mendoza, para que cada habitante de esta provincia tenga a disposici\u00f3n un medio de transporte previsible, amigable con el medio ambiente y accesible\u00bb, dijo\u00a0el titular de Trenes Argentinos, Martin Marinucci,\u00a0durante el recorrido de prueba desde la estaci\u00f3n San Martin y la de Palmira.<\/p>\n<p>Emoci\u00f3n en celeste y blanco. (Foto: Ramiro G\u00f3mez)<\/p>\n<p>Cientos de personas se reunieron en la estaci\u00f3n Libertador General San Martin, cada una de ellas con una historia, con una bandera, solas o acompa\u00f1adas con el objetivo de recibir luego de m\u00e1s de tres d\u00e9cadas al tren de pasajeros en esta localidad mendocina.\u00a0Por ese motivo,\u00a0tampoco faltaron las l\u00e1grimas de los m\u00e1s memoriosos\u00a0y tampoco los gritos de \u00ab\u00a1viene el tren!\u00bb, de un grupo de ni\u00f1os de un colegio de la zona.<\/p>\n<p>\u00abMuy contento como toda esta gente de Palmira y los pueblos de alrededores, todos muy felices por volver a ver el regreso del tren, es una forma tambi\u00e9n de generar puestos de trabajo en las localidades, con mucha expectativas, no importa el tiempo que tarde,\u00a0lo importante que comience a circular\u00bb,\u00a0dijo emocionado Ram\u00f3n Albornoz, un trabajador de m\u00e1s de 40 a\u00f1os de servicios ferroviarios, a T\u00e9lam.<\/p>\n<p>Durante el recorrido de prueba estuvieron presentes adem\u00e1s del titular de Trenes Argentinos, la senadora nacional por Mendoza, Anabel Fern\u00e1ndez Sagasti, del Frente de Todos; Marcelo S\u00e1nchez, gerente general operativo de la empresa, adem\u00e1s de intendentes y otras personalidades del arco social y pol\u00edtica de la provincia.<\/p>\n<p>En este sentido, la senadora Sagasti dijo: \u00abEs un paso importante para que vuelva definitivamente el tren a la provincia y que tengamos la frecuencia que queremos. Reci\u00e9n Marinucci nos cont\u00f3 que sigue\u00a0la idea que a partir de marzo c.<\/p>\n<p>Sobre el contexto, la senadora agreg\u00f3: \u00abFue muy emotivo la llegada del tren, me contaron intendentes de otras localidades por donde pas\u00f3 sobre la presencia de personas a los costados de la v\u00edas saludando a la formaci\u00f3n\u00bb.<\/p>\n<p>Otro presente en el viaje de prueba, que se extendi\u00f3 hasta las 14, fue el exdiputado nacional por Mendoza, Jos\u00e9 Luis Ram\u00f3n quien dijo a T\u00e9lam: \u00abLas sensaciones son muy fuertes, el 10 de marzo de 1993, estuve en la estaci\u00f3n de Palmira cuando parti\u00f3 el \u00faltimo tren de pasajeros a Retiro, y que ocurra esto hoy es algo que satisface enormemente y a la comunidad toda, el regreso del tren favorece enormemente a la provincia\u00bb.<\/p>\n<p>Por su parte, las autoridades de Trenes Argentinos contaron que en la actualidad\u00a0la empresa se encuentra realizando tareas de mejoramiento integral de las v\u00edas, unos 400 kil\u00f3metros de tendido,\u00a0entre las localidades de Justo Daract, en la provincia de San Luis con la estaci\u00f3n Guti\u00e9rrez, en Mendoza.<\/p>\n<p>El titular de la Regional Cuyo de Trenes Argentinos, Jorge Gim\u00e9nez, se mostr\u00f3 \u00abcontento por la llegada del tren y por lo que significa para la gente de Mendoza de poder transitar el pa\u00eds, el objetivo es que llegue a la estaci\u00f3n Guti\u00e9rrez, ubicada en la localidad de Maip\u00fa\u00bb.<\/p>\n<p>\u00abDesde all\u00ed &#8211; continuo Gim\u00e9nez-\u00a0el pasajero puede tomarse el metrotranvia que une toda la ciudad de Mendoza o desde la el centro mendocino hasta la estaci\u00f3n Retiro, en Buenos Aires\u00bb.<\/p>\n<p>El tren volvi\u00f3 a conectar el pasado 22 de julio los distritos de Laboulaye, General Lavalle, Vicu\u00f1a Mackenna, en la provincia de C\u00f3rdoba y Justo Daract con la terminal de Retiro, y est\u00e9 mi\u00e9rcoles tras tres d\u00e9cadas volvi\u00f3 a prueba una formaci\u00f3n de pasajeros a Mendoza.<\/p>\n<h6>Fuente: Telam<\/h6>\n","protected":false},"excerpt":{"rendered":"<p>El titular de Trenes Argentinos, Mart\u00edn Marinucci, particip\u00f3 del recorrido de prueba entre las estaciones de Libertador General San Mart\u00edn y Palmira, a 50 kil\u00f3metros de la capital provincial.<\/p>\n","protected":false},"author":2,"featured_media":132077,"comment_status":"closed","ping_status":"closed","sticky":false,"template":"","format":"standard","meta":{"footnotes":""},"categories":[2],"tags":[31],"class_list":["post-132076","post","type-post","status-publish","format-standard","has-post-thumbnail","hentry","category-informe-municipal","tag-mendoza"],"_links":{"self":[{"href":"http:\/\/argentinamunicipal.com.ar\/argentina\/wp-json\/wp\/v2\/posts\/132076","targetHints":{"allow":["GET"]}}],"collection":[{"href":"http:\/\/argentinamunicipal.com.ar\/argentina\/wp-json\/wp\/v2\/posts"}],"about":[{"href":"http:\/\/argentinamunicipal.com.ar\/argentina\/wp-json\/wp\/v2\/types\/post"}],"author":[{"embeddable":true,"href":"http:\/\/argentinamunicipal.com.ar\/argentina\/wp-json\/wp\/v2\/users\/2"}],"replies":[{"embeddable":true,"href":"http:\/\/argentinamunicipal.com.ar\/argentina\/wp-json\/wp\/v2\/comments?post=132076"}],"version-history":[{"count":0,"href":"http:\/\/argentinamunicipal.com.ar\/argentina\/wp-json\/wp\/v2\/posts\/132076\/revisions"}],"wp:featuredmedia":[{"embeddable":true,"href":"http:\/\/argentinamunicipal.com.ar\/argentina\/wp-json\/wp\/v2\/media\/132077"}],"wp:attachment":[{"href":"http:\/\/argentinamunicipal.com.ar\/argentina\/wp-json\/wp\/v2\/media?parent=132076"}],"wp:term":[{"taxonomy":"category","embeddable":true,"href":"http:\/\/argentinamunicipal.com.ar\/argentina\/wp-json\/wp\/v2\/categories?post=132076"},{"taxonomy":"post_tag","embeddable":true,"href":"http:\/\/argentinamunicipal.com.ar\/argentina\/wp-json\/wp\/v2\/tags?post=132076"}],"curies":[{"name":"wp","href":"https:\/\/api.w.org\/{rel}","templated":true}]}}