{"id":132254,"date":"2022-12-15T06:17:13","date_gmt":"2022-12-15T09:17:13","guid":{"rendered":"http:\/\/argentinamunicipal.com.ar\/argentina\/?p=132254"},"modified":"2022-12-15T06:17:13","modified_gmt":"2022-12-15T09:17:13","slug":"mendoza-omar-felix-se-mostro-a-favor-de-que-san-rafael-desdoble-las-elecciones-comunales-en-el-2023","status":"publish","type":"post","link":"http:\/\/argentinamunicipal.com.ar\/argentina\/mendoza-omar-felix-se-mostro-a-favor-de-que-san-rafael-desdoble-las-elecciones-comunales-en-el-2023\/","title":{"rendered":"Mendoza: Omar F\u00e9lix se mostr\u00f3 a favor de que San Rafael desdoble las elecciones comunales en el 2023"},"content":{"rendered":"<p>El diputado provincial y hermano del intendente, Omar F\u00e9lix, se inclin\u00f3 por desdoblar las pr\u00f3ximas elecciones municipales para elegir al sucesor de Emir. \u00abAs\u00ed se puede identificar la propuesta local\u00bb dijo. \u00c9l suena como el candidato del PJ para volver a conducir esa comuna<\/p>\n<p>El diputado provincial, Emir F\u00e9lix, se mostr\u00f3 a favor de desdoblar las pr\u00f3ximas elecciones comunales en San Rafael. \u00c9l suena como candidato a suceder a su hermano Emir F\u00e9lix en la intendencia.<br \/>\nLa simbiosis y\u00a0el acuerdo de los hermanos F\u00e9lix\u00a0es tal que\u00a0cuando Omar F\u00e9lix afirma algo todo el mundo pol\u00edtico sabe que cuenta con el aval de Emir.\u00a0Por eso, que el diputado provincial\u00a0se haya mostrado a favor de desdoblar las pr\u00f3ximas elecciones comunales en San Rafael hace suponer que esa ya es una decisi\u00f3n que tomaron en conjunto\u00a0con el intendente saliente Emir F\u00e9lix.<\/p>\n<p>\u00abEs mejor para el ciudadano que pueda votar individualmente cada cosa para identificar la propuesta local, de la provincial y de la nacional. Y que pueda apreciar esa propuesta de futura gesti\u00f3n con m\u00e1s objetividad, de manera tal de que el voto tenga que ver con los intereses de todos los sanrafaelinos\u00bb, respondi\u00f3 Omar F\u00e9lix en un programa de Televisi\u00f3n Andina, cuando se lo consult\u00f3 sobre si era conveniente o no desdoblar los comicios.<\/p>\n<p>El diputado del Frente de Todos\u00a0confirm\u00f3 as\u00ed que al menos esa comuna peronista buscar\u00e1 desdoblar los comicios comunales del esquema electoral provincial en las elecciones 2023. Si bien esa parece ser la premisa que barajan los 6 intendentes del peronismo para intentar asegurarse seguir gobernando las comunas que hoy comandan, hasta ahora ninguno ha salido a confirmarlo abiertamente.<\/p>\n<p>\u00abLo que pretendemos es que en la selecci\u00f3n de quienes vayan a conducir a nivel local no hayan interferencias o juicios de valor de otras cosas que no sean las locales\u00bb, respondi\u00f3 encriptadamente, Omar F\u00e9lix a Diario UNO. Detr\u00e1s de esa respuesta se puede leer que a los hermanos F\u00e9lix les interesa que el votante sanrafaelino elija a su pr\u00f3ximo intendente pensando s\u00f3lo en su propuesta comunal y que no pesen por ejemplo algunas facturas o cr\u00edticas que pudieran tener con la gesti\u00f3n del gobierno nacional del Frente de Todos.<\/p>\n<p>En cambio, la flamante presidenta partidaria, la intendenta de Santa Rosa,\u00a0Flor Dest\u00e9fanis, ya adelant\u00f3 que su primer objetivo ser\u00e1 lograr una f\u00f3rmula competitiva\u00a0para dar pelea por la gobernaci\u00f3n en el 2023, para lo cual se\u00a0necesitar\u00e1 del respaldo y la tracci\u00f3n que podr\u00e1n tener esos intendentes\u00a0y sus equipos en las elecciones provinciales. De eso se desprende que para la titular del partido la estrategia de desdoblar no ser\u00eda coherente con el pedido partidario.<\/p>\n<p>Si ese desdoblamiento efectivamente se concreta,\u00a0los sanrafaelinos deber\u00e1n acudir a las urnas al menos 6 veces en el 2003.\u00a0Primero a las PASO y luego a las generales para elegir a su futuro intendente, luego a las PASO y las generales para la gobernaci\u00f3n y finalmente a las Primarias Abiertas Simult\u00e1neas y Obligatorias y las generales para presidente.<\/p>\n<p><strong>Desdoblar y enrocar<\/strong><br \/>\nPero m\u00e1s all\u00e1 del requerimiento partidario,\u00a0los hermanos sure\u00f1os parecen haber trazado ya la estrategia para continuar gobernando San Rafael: desdoblar los comicios y que Omar sea -nuevamente- el candidato\u00a0a suceder a su hermano Emir, que dejar\u00e1 su tercer mandato consecutivo y por prohibici\u00f3n legal, ya no podr\u00e1 volver a reelegirse.<\/p>\n<p>Es que Omar no s\u00f3lo integra el \u00abequipo pol\u00edtico\u00bb de su hermano, \u00e9l\u00a0fue quien en las sombras lider\u00f3 esa intendencia cuando\u00a0el jefe comunal pas\u00f3 casi 70 d\u00edas internado por una grave afecci\u00f3n pulmonar\u00a0que lo llev\u00f3 a terapia intensiva.<\/p>\n<p>Adem\u00e1s el diputado conoce de cerca c\u00f3mo es gestionar esa comuna. Es que\u00a0Omar fue el primero de los dos hermanos en comandar la intendencia que tom\u00f3 en el 2003 y que volvi\u00f3 a ganar en las elecciones del 2007. Sin embargo, no termin\u00f3 ese segundo mandato, ya que en el 2009 asumi\u00f3 como diputado nacional.<\/p>\n<p>Tras la salida de Omar, fue Cristina Dadalt la intendenta interina por unos meses hasta que\u00a0el mismo Emir asumi\u00f3 esa intendencia en un interinato que concluy\u00f3 en el 2011\u00a0cuando\u00a0gan\u00f3 su primera elecci\u00f3n. Desde entonces se mantuvo en el poder hasta diciembre del 2023, cuando entre ambos hermanos sumen 20 a\u00f1os en el poder sanrafaelino.<\/p>\n<p>Si la estrategia de enroque les funciona una vez m\u00e1s, entonces el poder\u00edo de los F\u00e9lix se extender\u00e1 al menos hasta el 2027 y tendr\u00e1 final abierto.<\/p>\n<p><strong>Qu\u00e9 destino pol\u00edtico le espera a Emir F\u00e9lix<\/strong><br \/>\nAnte la imposibilidad de poder reelegirse como intendente,\u00a0Emir F\u00e9lix se ver\u00e1 forzado a buscar un nuevo destino pol\u00edtico. Si bien \u00e9l mismo se ha negado a adelantar sus apetencias pol\u00edticas,\u00a0hay quienes lo ven como un potable candidato a la gobernaci\u00f3n, e incluso aseguran que \u00e9l mismo pidi\u00f3 unas encuestas que le habr\u00edan aportado algo de ilusi\u00f3n.<\/p>\n<p>Los m\u00e1s l\u00f3gicos interpretan que\u00a0si \u00e9l tuviese intenciones de ser candidato a la gobernaci\u00f3n no ser\u00eda coherente que haya decidido desdoblar las elecciones en su comuna.<\/p>\n<p>Otros,\u00a0cercanos al jefe comunal, aseguran que est\u00e1 enfocado en recuperarse f\u00edsicamente\u00a0de aquel duro golpe que sufri\u00f3 por una afecci\u00f3n pulmonar que lo sac\u00f3 de la intendencia por casi 70 d\u00edas, y que estrat\u00e9gicamente\u00a0aprovechar\u00e1 este periodo fuera de la intendencia para volverse m\u00e1s competitivo en el 2027.<\/p>\n<p>Como fuera, all\u00e1 o aqu\u00ed, Emir seguramente seguir\u00e1 siendo protagonista de la estrategia peronista en los pr\u00f3ximos a\u00f1os.<\/p>\n<h6>Fuente: Uno<\/h6>\n","protected":false},"excerpt":{"rendered":"<p>El diputado provincial y hermano del intendente, Omar F\u00e9lix, se inclin\u00f3 por desdoblar las pr\u00f3ximas elecciones municipales para elegir al sucesor de Emir. \u00abAs\u00ed se puede identificar la propuesta local\u00bb dijo.<\/p>\n","protected":false},"author":2,"featured_media":132255,"comment_status":"closed","ping_status":"closed","sticky":false,"template":"","format":"standard","meta":{"footnotes":""},"categories":[4],"tags":[31],"class_list":["post-132254","post","type-post","status-publish","format-standard","has-post-thumbnail","hentry","category-informe-politico","tag-mendoza"],"_links":{"self":[{"href":"http:\/\/argentinamunicipal.com.ar\/argentina\/wp-json\/wp\/v2\/posts\/132254","targetHints":{"allow":["GET"]}}],"collection":[{"href":"http:\/\/argentinamunicipal.com.ar\/argentina\/wp-json\/wp\/v2\/posts"}],"about":[{"href":"http:\/\/argentinamunicipal.com.ar\/argentina\/wp-json\/wp\/v2\/types\/post"}],"author":[{"embeddable":true,"href":"http:\/\/argentinamunicipal.com.ar\/argentina\/wp-json\/wp\/v2\/users\/2"}],"replies":[{"embeddable":true,"href":"http:\/\/argentinamunicipal.com.ar\/argentina\/wp-json\/wp\/v2\/comments?post=132254"}],"version-history":[{"count":0,"href":"http:\/\/argentinamunicipal.com.ar\/argentina\/wp-json\/wp\/v2\/posts\/132254\/revisions"}],"wp:featuredmedia":[{"embeddable":true,"href":"http:\/\/argentinamunicipal.com.ar\/argentina\/wp-json\/wp\/v2\/media\/132255"}],"wp:attachment":[{"href":"http:\/\/argentinamunicipal.com.ar\/argentina\/wp-json\/wp\/v2\/media?parent=132254"}],"wp:term":[{"taxonomy":"category","embeddable":true,"href":"http:\/\/argentinamunicipal.com.ar\/argentina\/wp-json\/wp\/v2\/categories?post=132254"},{"taxonomy":"post_tag","embeddable":true,"href":"http:\/\/argentinamunicipal.com.ar\/argentina\/wp-json\/wp\/v2\/tags?post=132254"}],"curies":[{"name":"wp","href":"https:\/\/api.w.org\/{rel}","templated":true}]}}