{"id":132306,"date":"2022-12-19T05:30:02","date_gmt":"2022-12-19T08:30:02","guid":{"rendered":"http:\/\/argentinamunicipal.com.ar\/argentina\/?p=132306"},"modified":"2022-12-19T06:33:43","modified_gmt":"2022-12-19T09:33:43","slug":"llegaron-tres-nuevas-duplas-del-metrotranvia-a-mendoza-para-sumarse-a-la-ampliacion-del-servicio","status":"publish","type":"post","link":"http:\/\/argentinamunicipal.com.ar\/argentina\/llegaron-tres-nuevas-duplas-del-metrotranvia-a-mendoza-para-sumarse-a-la-ampliacion-del-servicio\/","title":{"rendered":"Llegaron tres nuevas duplas del Metrotranv\u00eda a Mendoza para sumarse a la ampliaci\u00f3n del servicio"},"content":{"rendered":"<p>Con los nuevos veh\u00edculos ya son nueve las duplas del Metrotranv\u00eda que se sumaron desde Estados Unidos en 2022<\/p>\n<p>Tres nuevas duplas del\u00a0Metrotranvia\u00a0arribaron a la provincia desde California para sumarse a la\u00a0ampliaci\u00f3n del servicio\u00a0de transporte. Con estas ya son nueve las que llegaron a Mendoza durante el 2022.<\/p>\n<p>A trav\u00e9s de un acuerdo con la Metropolitan Transit System, de la ciudad de San Diego, el Gobierno logr\u00f3 sumar nuevos veh\u00edculos para mantener este servicio de pasajeros en el Gran Mendoza. Adem\u00e1s, el material rodante servir\u00e1 para la futura ampliaci\u00f3n de su recorrido.<\/p>\n<p>\u00abNuestro transporte p\u00fablico se refuerza con unidades que este a\u00f1o segu\u00edan funcionando operativamente en el Sistema Metropolitano de San Diego, California. Adem\u00e1s estas duplas permitir\u00e1n ampliar el servicio hacia Luj\u00e1n de Cuyo y el Aeropuerto\u00bb, expresaron desde la Sociedad de Transporte de Mendoza.<\/p>\n<p>Desde la Secretar\u00eda de Transporte se celebr\u00f3 el arribo de estas nuevas duplas \u00aben perfecto funcionamiento\u00a0por que si no fuera por las donaciones su compra como el mantenimiento del servicio actual ser\u00eda imposible debido a los altos costos\u00bb.<\/p>\n<p>La semana pasada el secretario de Transporte P\u00fablico, Natalio Mema, viaj\u00f3 a Washington para firmar otro convenio con\u00a0Metropolitan Transit System por nuevas donaciones y financiamiento para el futuro tramo.<\/p>\n<p>Adem\u00e1s, durante la misma visita la provincia de\u00a0Mendoza fue reconocida por las gestiones efectuadas en materia de movilidad sustentable.<\/p>\n<p><strong>El nuevo recorrido del Metrotranv\u00eda<\/strong><br \/>\nLa traza del Metrotranv\u00eda se extiende en la actualidad desde Panquehua, Las Heras, hasta Guti\u00e9rrez, Maip\u00fa.<\/p>\n<p>Las Heras, Ciudad, Godoy Cruz y Maip\u00fa son los cuatro departamentos que est\u00e1n vinculados por su recorrido.<\/p>\n<p>Por ello, el Gobierno apura el proceso licitatorio para un nuevo tramo que\u00a0agregar\u00e1 6 kil\u00f3metros hacia el norte, entre Panquehua y el Aeropuerto El Plumerillo, en Las Heras, mientras que hacia el sur vincular\u00e1 la Estaci\u00f3n Pellegrini con la futura Estaci\u00f3n Pueyrred\u00f3n, primero, y Almirante Brown, despu\u00e9s, en Luj\u00e1n.<\/p>\n<p>Una segunda etapa, cuando el Metrotranv\u00eda llegue hasta el aeropuerto y hasta la Facultad de Ciencias Agrarias, en Luj\u00e1n de Cuyo, se han previsto nuevas ampliaciones. Una de ellas es la que llevar\u00e1 el recorrido\u00a0desde calle Almirante Brown hasta el Parque Ferri, en el centro de Luj\u00e1n de Cuyo. Se prev\u00e9 una ampliaci\u00f3n de 6 kil\u00f3metros m\u00e1s para este recorrido.<\/p>\n<h6>Fuente: Uno<\/h6>\n","protected":false},"excerpt":{"rendered":"<p>Con los nuevos veh\u00edculos ya son nueve las duplas del Metrotranv\u00eda que se sumaron desde Estados Unidos en 2022<\/p>\n","protected":false},"author":2,"featured_media":132307,"comment_status":"closed","ping_status":"closed","sticky":false,"template":"","format":"standard","meta":{"footnotes":""},"categories":[2],"tags":[31],"class_list":["post-132306","post","type-post","status-publish","format-standard","has-post-thumbnail","hentry","category-informe-municipal","tag-mendoza"],"_links":{"self":[{"href":"http:\/\/argentinamunicipal.com.ar\/argentina\/wp-json\/wp\/v2\/posts\/132306","targetHints":{"allow":["GET"]}}],"collection":[{"href":"http:\/\/argentinamunicipal.com.ar\/argentina\/wp-json\/wp\/v2\/posts"}],"about":[{"href":"http:\/\/argentinamunicipal.com.ar\/argentina\/wp-json\/wp\/v2\/types\/post"}],"author":[{"embeddable":true,"href":"http:\/\/argentinamunicipal.com.ar\/argentina\/wp-json\/wp\/v2\/users\/2"}],"replies":[{"embeddable":true,"href":"http:\/\/argentinamunicipal.com.ar\/argentina\/wp-json\/wp\/v2\/comments?post=132306"}],"version-history":[{"count":0,"href":"http:\/\/argentinamunicipal.com.ar\/argentina\/wp-json\/wp\/v2\/posts\/132306\/revisions"}],"wp:featuredmedia":[{"embeddable":true,"href":"http:\/\/argentinamunicipal.com.ar\/argentina\/wp-json\/wp\/v2\/media\/132307"}],"wp:attachment":[{"href":"http:\/\/argentinamunicipal.com.ar\/argentina\/wp-json\/wp\/v2\/media?parent=132306"}],"wp:term":[{"taxonomy":"category","embeddable":true,"href":"http:\/\/argentinamunicipal.com.ar\/argentina\/wp-json\/wp\/v2\/categories?post=132306"},{"taxonomy":"post_tag","embeddable":true,"href":"http:\/\/argentinamunicipal.com.ar\/argentina\/wp-json\/wp\/v2\/tags?post=132306"}],"curies":[{"name":"wp","href":"https:\/\/api.w.org\/{rel}","templated":true}]}}