{"id":132548,"date":"2022-12-28T05:05:08","date_gmt":"2022-12-28T08:05:08","guid":{"rendered":"http:\/\/argentinamunicipal.com.ar\/argentina\/?p=132548"},"modified":"2022-12-27T20:09:01","modified_gmt":"2022-12-27T23:09:01","slug":"la-tasa-de-trabajadores-que-buscan-mas-de-un-empleo-en-mendoza-es-la-mas-alta-del-pais","status":"publish","type":"post","link":"http:\/\/argentinamunicipal.com.ar\/argentina\/la-tasa-de-trabajadores-que-buscan-mas-de-un-empleo-en-mendoza-es-la-mas-alta-del-pais\/","title":{"rendered":"La tasa de trabajadores que buscan m\u00e1s de un empleo en Mendoza es la m\u00e1s alta del pa\u00eds"},"content":{"rendered":"<p>La subocupaci\u00f3n demandante es la m\u00e1s alta de Argentina. Abarca a aquellos que no llegan a completar las 35 horas semanales y necesitan otro trabajo. La desocupaci\u00f3n creci\u00f3 en el \u00faltimo trimestre del a\u00f1o<\/p>\n<p>La tasa de desocupaci\u00f3n en Mendoza fue del 6% y subi\u00f3 en el \u00faltimo trimestre del a\u00f1o en comparaci\u00f3n con el anterior, seg\u00fan el informe del Instituto Nacional de Estad\u00edstica y Censos (INDEC). La tasa de subocupaci\u00f3n demandante baj\u00f3 apenas pero se transform\u00f3 en la m\u00e1s alta del pa\u00eds.<\/p>\n<p>El an\u00e1lisis del comportamiento del empleo y el desempleo en Mendoza es complejo. Si bien la actividad va en crecimiento y la cantidad de mendocinos con trabajo tambi\u00e9n, la tasa de desocupaci\u00f3n se mantiene como la m\u00e1s alta de Cuyo, muy por encima de las de San Juan y San Luis.<\/p>\n<p>As\u00ed y todo, baj\u00f3 2,4% en relaci\u00f3n al mismo trimestre del a\u00f1o pasado aunque\u00a0la preocupaci\u00f3n pasa hoy por hoy por la calidad del trabajo: el 16,8% de los mendocinos con empleo trabaja menos de 35 horas semanales y de esos,\u00a0el 13,7% busca desesperadamente otro trabajo para poder llegar a fin de mes.<\/p>\n<p>Tambi\u00e9n\u00a0la tasa de ocupados demandantes de empleo es alt\u00edsima\u00a0en comparaci\u00f3n con los n\u00fameros promedio de los aglomerados de 500.000 y m\u00e1s habitantes. Junto a la de Tucum\u00e1n, son las m\u00e1s altas de la Argentina superando el 26%. Se considera ocupados a quienes\u00a0trabajaron al menos una hora en la semana.<\/p>\n<p><strong>La tasa de subocupaci\u00f3n demandante en Mendoza es la m\u00e1s alta del pa\u00eds, seg\u00fan el INDEC<\/strong><br \/>\nEl INDEC elabora un informe trimestral por \u00e1reas geogr\u00e1ficas. En el caso de Mendoza, lo que se eval\u00faa es el comportamiento del empleo en el Gran Mendoza que comprende los departamentos Ciudad, Las Heras, Godoy Cruz, Guaymall\u00e9n, Maip\u00fa y Luj\u00e1n de Cuyo.<\/p>\n<p>El Gran Mendoza tiene una tasa de subocupaci\u00f3n del 16,8%, lo que significa que unas 87.000 personas no llega a completar la jornada laboral\u00a0de 8 horas diarias por causas involuntarias.<\/p>\n<p>De esos,\u00a011.919 est\u00e1 activamente buscando otro empleo\u00a0para poder alcanzar al menos las 35 horas semanales de trabajo y as\u00ed hacer crecer los ingresos.<\/p>\n<p>Esas tasas de subocupaci\u00f3n y subocupaci\u00f3n demandante son las m\u00e1s altas del pa\u00eds, muy por encima del promedio de las ciudades grandes.<\/p>\n<p><strong>La tasa de ocupados demandantes supera en 10 puntos el promedio de la Argentina<\/strong><br \/>\nEn el mismo sentido se maneja esta variable que re\u00fane a aquellos habitantes del Gran Mendoza que trabajaron al menos una hora en la semana de estudio y que busca trabajar m\u00e1s horas y no lo consigue.<\/p>\n<p>Esa tasa se ubic\u00f3 en el \u00faltimo trimestre del 2022 en el 26,3%, apenas por debajo del porcentaje del informe anterior que arroj\u00f3 un 27%.<\/p>\n<p>Lo preocupante en este caso es que\u00a0el promedio en los aglomerados de m\u00e1s de 500.000 habitantes como el Gran Mendoza es de 10 puntos menos.<\/p>\n<p>En el Gran Buenos Aires, por ejemplo, la tasa es del 17,2%; mientras que la de la Ciudad Aut\u00f3noma de Buenos Aires es del 10,4%.<\/p>\n<p>Los n\u00fameros son por lejos los m\u00e1s altos de Cuyo, superando en este caso a San Juan en 12 puntos y a San Luis en 16,5%.<\/p>\n<p><strong>Creci\u00f3 el desempleo en Mendoza en los \u00faltimos tres meses<\/strong><br \/>\nEl estancamiento del crecimiento del empleo y la baja de la desocupaci\u00f3n se not\u00f3 fuertemente en el \u00faltimo trimestre\u00a0del a\u00f1o en la Provincia.<\/p>\n<p>Si bien los n\u00fameros comparados con el a\u00f1o anterior son claramente positivos,\u00a0Mendoza ven\u00eda en cont\u00ednuo crecimiento y en los \u00faltimos tres meses se registr\u00f3 una ca\u00edda\u00a0que, al menos, pone en alerta tanto al sector p\u00fablico como al privado.<\/p>\n<p>La tasa de empleo baj\u00f3 del 47,6% al 46,8%; mientras que la desempleo subi\u00f3 del 5,6% al 6%, lo que signific\u00f3 que 1.000 mendocinos perdieron su trabajo en corto plazo sin siquiera poder trabajar una hora por semana y est\u00e1n activamente buscando empleo.<\/p>\n<h6>Fuente: Uno<\/h6>\n","protected":false},"excerpt":{"rendered":"<p>La subocupaci\u00f3n demandante es la m\u00e1s alta de Argentina. Abarca a aquellos que no llegan a completar las 35 horas semanales y necesitan otro trabajo. La desocupaci\u00f3n creci\u00f3 en el \u00faltimo trimestre del a\u00f1o<\/p>\n","protected":false},"author":2,"featured_media":132549,"comment_status":"closed","ping_status":"closed","sticky":false,"template":"","format":"standard","meta":{"footnotes":""},"categories":[2],"tags":[31],"class_list":["post-132548","post","type-post","status-publish","format-standard","has-post-thumbnail","hentry","category-informe-municipal","tag-mendoza"],"_links":{"self":[{"href":"http:\/\/argentinamunicipal.com.ar\/argentina\/wp-json\/wp\/v2\/posts\/132548","targetHints":{"allow":["GET"]}}],"collection":[{"href":"http:\/\/argentinamunicipal.com.ar\/argentina\/wp-json\/wp\/v2\/posts"}],"about":[{"href":"http:\/\/argentinamunicipal.com.ar\/argentina\/wp-json\/wp\/v2\/types\/post"}],"author":[{"embeddable":true,"href":"http:\/\/argentinamunicipal.com.ar\/argentina\/wp-json\/wp\/v2\/users\/2"}],"replies":[{"embeddable":true,"href":"http:\/\/argentinamunicipal.com.ar\/argentina\/wp-json\/wp\/v2\/comments?post=132548"}],"version-history":[{"count":0,"href":"http:\/\/argentinamunicipal.com.ar\/argentina\/wp-json\/wp\/v2\/posts\/132548\/revisions"}],"wp:featuredmedia":[{"embeddable":true,"href":"http:\/\/argentinamunicipal.com.ar\/argentina\/wp-json\/wp\/v2\/media\/132549"}],"wp:attachment":[{"href":"http:\/\/argentinamunicipal.com.ar\/argentina\/wp-json\/wp\/v2\/media?parent=132548"}],"wp:term":[{"taxonomy":"category","embeddable":true,"href":"http:\/\/argentinamunicipal.com.ar\/argentina\/wp-json\/wp\/v2\/categories?post=132548"},{"taxonomy":"post_tag","embeddable":true,"href":"http:\/\/argentinamunicipal.com.ar\/argentina\/wp-json\/wp\/v2\/tags?post=132548"}],"curies":[{"name":"wp","href":"https:\/\/api.w.org\/{rel}","templated":true}]}}