{"id":132629,"date":"2023-01-02T05:14:43","date_gmt":"2023-01-02T08:14:43","guid":{"rendered":"http:\/\/argentinamunicipal.com.ar\/argentina\/?p=132629"},"modified":"2022-12-29T06:21:19","modified_gmt":"2022-12-29T09:21:19","slug":"mendoza-comienzan-a-construir-la-plaza-del-vino-el-kilometro-0-del-enoturismo","status":"publish","type":"post","link":"http:\/\/argentinamunicipal.com.ar\/argentina\/mendoza-comienzan-a-construir-la-plaza-del-vino-el-kilometro-0-del-enoturismo\/","title":{"rendered":"Mendoza: comienzan a construir la Plaza del Vino, el kil\u00f3metro 0 del enoturismo"},"content":{"rendered":"<p>Est\u00e1 ubicada en el centro de la ciudad, entre el Ministerio de Turismo y la Enoteca. Ser\u00e1 el comienzo de los paseos por los vi\u00f1edos<\/p>\n<p>La Plaza del Vino, cuya obra para su construcci\u00f3n comenz\u00f3 hace unos d\u00edas y es financiada con fondos provinciales y nacionales, se ubicar\u00e1 en el play\u00f3n que comunica los edificios del Ministerio de Cultura y Turismo, el Centro de Congresos y Exposiciones y La Enoteca, y est\u00e1 incluido en el programa \u201c50 Destinos\u201d del Ministerio de Turismo y Deportes de la Naci\u00f3n, inform\u00f3 la cartera tur\u00edstica provincial de Mendoza.<\/p>\n<p>La nueva plaza tendr\u00e1 como eje conceptual el valor cultural y tur\u00edstico de la vitivinicultura. Incluir\u00e1 un vi\u00f1edo mayor al actual, un panel escult\u00f3rico aleg\u00f3rico y potenciar\u00e1 la oferta y el desarrollo enotur\u00edstico en el que Mendoza se destaca nacional e internacionalmente.<\/p>\n<p>La ministra de Cultura y Turismo de la provincia de Mendoza, Nora Vicario, coment\u00f3: \u201cComo Capital Mundial del Vino y Capital Iberoamericana de Gastronom\u00eda y Vino, resulta muy importante que Mendoza siga fortaleciendo el valor hist\u00f3rico, patrimonial y cultural de La Enoteca. Con esta remodelaci\u00f3n del atrio frontal pondremos en valor este punto de acercamiento al mundo del vino desde la ciudad, que conecta la historia fundacional de la vitivinicultura de Mendoza con la proyecci\u00f3n estrat\u00e9gica del enoturismo y que potenciar\u00e1 sus condiciones para la realizaci\u00f3n de diversas actividades\u201d.<\/p>\n<p>\u201cPara quienes vivimos en Mendoza y para todo visitante que llega a nuestra provincia encontrarse con espacios que hablan del vino es confirmar el orgullo que sentimos por ser una gran regi\u00f3n vitivin\u00edcola. Y esta Plaza del Vino, junto al edificio patrimonial de La Enoteca, es un paso m\u00e1s en la consolidaci\u00f3n de una oferta enotur\u00edstica que crece, mejora constantemente sus propuestas y afianza a Mendoza en el mapa del turismo local, nacional e internacional\u201d, agreg\u00f3 Bernardo Lanzilotta, presidente del Fondo Vitivin\u00edcola.<\/p>\n<p>La Plaza del Vino apunta a convertirse en un hito tur\u00edstico de la provincia y brindar\u00e1 adem\u00e1s espacio a m\u00faltiples manifestaciones art\u00edsticas, culturales y tur\u00edsticas vinculadas a la vitivinicultura. La superficie de intervenci\u00f3n es de aproximadamente 1.700 metros cuadrados e incluye la incorporaci\u00f3n de un nuevo sistema de iluminaci\u00f3n, mobiliario urbano y la construcci\u00f3n de una rampa que conectar\u00e1 la plaza con el edificio del Ministerio de Turismo y Cultura.Uno de los ejes en el que el proyecto se sustenta es que en materia tur\u00edstica este espacio se posicione como el \u201cKil\u00f3metro 0\u201d del enoturismo y sea escenario de las actividades organizadas por prestadores de servicios enotur\u00edsticos.<\/p>\n<h6>Fuente: La Capital<\/h6>\n","protected":false},"excerpt":{"rendered":"<p>Est\u00e1 ubicada en el centro de la ciudad, entre el Ministerio de Turismo y la Enoteca. Ser\u00e1 el comienzo de los paseos por los vi\u00f1edos<\/p>\n","protected":false},"author":2,"featured_media":132630,"comment_status":"closed","ping_status":"closed","sticky":false,"template":"","format":"standard","meta":{"footnotes":""},"categories":[2],"tags":[31],"class_list":["post-132629","post","type-post","status-publish","format-standard","has-post-thumbnail","hentry","category-informe-municipal","tag-mendoza"],"_links":{"self":[{"href":"http:\/\/argentinamunicipal.com.ar\/argentina\/wp-json\/wp\/v2\/posts\/132629","targetHints":{"allow":["GET"]}}],"collection":[{"href":"http:\/\/argentinamunicipal.com.ar\/argentina\/wp-json\/wp\/v2\/posts"}],"about":[{"href":"http:\/\/argentinamunicipal.com.ar\/argentina\/wp-json\/wp\/v2\/types\/post"}],"author":[{"embeddable":true,"href":"http:\/\/argentinamunicipal.com.ar\/argentina\/wp-json\/wp\/v2\/users\/2"}],"replies":[{"embeddable":true,"href":"http:\/\/argentinamunicipal.com.ar\/argentina\/wp-json\/wp\/v2\/comments?post=132629"}],"version-history":[{"count":0,"href":"http:\/\/argentinamunicipal.com.ar\/argentina\/wp-json\/wp\/v2\/posts\/132629\/revisions"}],"wp:featuredmedia":[{"embeddable":true,"href":"http:\/\/argentinamunicipal.com.ar\/argentina\/wp-json\/wp\/v2\/media\/132630"}],"wp:attachment":[{"href":"http:\/\/argentinamunicipal.com.ar\/argentina\/wp-json\/wp\/v2\/media?parent=132629"}],"wp:term":[{"taxonomy":"category","embeddable":true,"href":"http:\/\/argentinamunicipal.com.ar\/argentina\/wp-json\/wp\/v2\/categories?post=132629"},{"taxonomy":"post_tag","embeddable":true,"href":"http:\/\/argentinamunicipal.com.ar\/argentina\/wp-json\/wp\/v2\/tags?post=132629"}],"curies":[{"name":"wp","href":"https:\/\/api.w.org\/{rel}","templated":true}]}}