{"id":132668,"date":"2022-12-30T06:22:45","date_gmt":"2022-12-30T09:22:45","guid":{"rendered":"http:\/\/argentinamunicipal.com.ar\/argentina\/?p=132668"},"modified":"2022-12-30T06:22:45","modified_gmt":"2022-12-30T09:22:45","slug":"el-peronismo-mendocino-ya-tiene-un-precandidato-a-gobernador-martin-hinojosa","status":"publish","type":"post","link":"http:\/\/argentinamunicipal.com.ar\/argentina\/el-peronismo-mendocino-ya-tiene-un-precandidato-a-gobernador-martin-hinojosa\/","title":{"rendered":"El peronismo mendocino ya tiene un precandidato a gobernador: Mart\u00edn Hinojosa"},"content":{"rendered":"<p>Mart\u00edn Hinojosa, presidente del Instituto Nacional de Vitivinicultura, se lanz\u00f3 como precandidato a gobernador por el peronismo mendocino. Lo hizo con la publicaci\u00f3n de un video en redes sociales<\/p>\n<p>Mart\u00edn Hinojosa,\u00a0actual presidente del Instituto Nacional de Vitivinicultura, sorprendi\u00f3 este jueves en horas de la tarde cuando anunci\u00f3 por medio de sus redes sociales, su pretensi\u00f3n de ser el pr\u00f3ximo gobernador de Mendoza. El tunuyanino,\u00a0quien ya hab\u00eda anticipado su intenci\u00f3n de postularse,\u00a0se convirti\u00f3 as\u00ed en el primer nombre del\u00a0peronismo mendocino\u00a0que oficialmente se lanza a la disputa por suceder a Rodolfo Suarez en 2023.<\/p>\n<p>A Hinojosa muchos lo referencian en el sector de la presidenta del Partido Justicialista de Mendoza, Flor Dest\u00e9fanis y la senadora nacional Anabel Fern\u00e1ndez Sagasti, vinculado con el kirchnerismo. Sin embargo dentro de su entorno aseguran que tiene buena llegada con otros espacios del peronismo e incluso por fuera. Tambi\u00e9n se menciona una estrecha relaci\u00f3n con el ministro de Econom\u00eda de la Naci\u00f3n, Sergio Massa.<\/p>\n<p><strong>\u00bfQui\u00e9n es Mart\u00edn Hinojosa?<\/strong><br \/>\nTiene 48 a\u00f1os y desde hace casi tres a\u00f1os preside el INV. Fue secretario de Industria durante la gobernaci\u00f3n de Francisco Paco P\u00e9rez (2011 a 2015), y secretario de Gobierno de la Municipalidad de Tunuy\u00e1n.<\/p>\n<p>Es productor y bodeguero, con un perfil t\u00e9cnico. Llev\u00f3 adelante una empresa familiar especializada en la actividad agr\u00edcola con una bodega localizada al ingreso de Tunuy\u00e1n. Adem\u00e1s particip\u00f3 del Fondo Vitivin\u00edcola, Bodegas de Argentina y la C\u00e1mara de Comercio de su departamento.<\/p>\n<p>En el video en el que anunci\u00f3 su lanzamiento se\u00f1al\u00f3: \u00abPorque el esfuerzo y sacrificio de quienes la habitan deben tener su recompensa, Mendoza merece estar mejor.\u00a0Te invito que me acompa\u00f1es en este desaf\u00edo de ocuparse, producir y gestionar por nuestra tierra Por nuestra gente. Por Mendoza\u00bb.<\/p>\n<p>En el final de su mensaje dice:\u00a0\u00abSoy Mart\u00edn Hinojosa&#8230; el futuro gobernador de la Mendoza que queremos\u00bb.<\/p>\n<p>En la publicaci\u00f3n referida, el m\u00e1ximo responsable del INV, dijo:<\/p>\n<p>\u00abSoy Mart\u00edn Hinojosa, vengo de una familia mendocina de esa que los domingos no entran en la mesa a la hora del almuerzo. En mi familia aprend\u00ed desde muy chico que el trabajo siempre daba sus frutos, que el esfuerzo y el sacrificio tienen su recompensa al final de cada cosecha.<\/p>\n<p>Tambi\u00e9n aprend\u00ed a respetar y a creer en nuestras ra\u00edces, nuestros valores, la cultural del trabajo, la educaci\u00f3n como estandarte y la honestidad como un pilar.<\/p>\n<p>Me desarroll\u00e9 como productor y desde ah\u00ed, poco a poco, fui haciendo mi propio camino. Me gradu\u00e9 como contador y siempre me fui capacitando. Hoy tengo una enorme responsabilidad p\u00fablica como presidente del Instituto Nacional de Vitivinicultura.<\/p>\n<p>Convencido de que la buena pol\u00edtica es la que tiene la chance de mejorar las condiciones para que podamos vivir mejor, tengo la convicci\u00f3n de que es importante escuchar a los mendocinos, apoyarnos en la tecnolog\u00eda y en los indicadores objetivos para generar resultados. esa es la manera de tomar decisiones acertadas.<\/p>\n<p>No creo en las soluciones m\u00e1gicas. Me gusta basarme en la construcci\u00f3n de consensos. Entiendo que siempre cosechamos lo que sembramos y por esto mismo hoy quiero comenzar a sembrar una tierra m\u00e1s pr\u00f3spera, m\u00e1s productiva, una Mendoza del Siglo XXI haciendo honor a los objetivos de nuestros mayores y construyendo un futuro para nuestros hijos, ac\u00e1, en nuestra tierra mendocina.<\/p>\n<p>Soy Mart\u00edn Hinojosa, y con el acomp\u00f1amiento de ustedes, el futuro gobernador de la Mendoza que queremos\u00bb.<\/p>\n<p>A poco del anuncio de su precandidatura expresaron su respaldo la diputada nacional Marisa Uceda, el dirigente de la Bancaria y vicepresidente del PJ Sergio Gim\u00e9nez; el funcionario maipucino y tambi\u00e9n dirigente del partido, Nicol\u00e1s Aroma y el s\u00edndico del Naci\u00f3n, Marcelo Costa.<\/p>\n<p>Por otra parte est\u00e1 fresco el recuerdo de la entrevista a Flor Dest\u00e9fanis en S\u00e9ptimo D\u00eda, el programa pol\u00edtico de Canal 7, cuando nombr\u00f3 a Honojosa como un posible candidato.<\/p>\n<h6>Fuente: Uno<\/h6>\n","protected":false},"excerpt":{"rendered":"<p>Mart\u00edn Hinojosa, presidente del Instituto Nacional de Vitivinicultura, se lanz\u00f3 como precandidato a gobernador por el peronismo mendocino. Lo hizo con la publicaci\u00f3n de un video en redes sociales Mart\u00edn Hinojosa,\u00a0actual presidente del Instituto Nacional de Vitivinicultura, sorprendi\u00f3 este jueves en horas de la tarde cuando anunci\u00f3 por medio de sus redes sociales, su pretensi\u00f3n<\/p>\n","protected":false},"author":2,"featured_media":132669,"comment_status":"closed","ping_status":"closed","sticky":false,"template":"","format":"standard","meta":{"footnotes":""},"categories":[65],"tags":[31],"class_list":["post-132668","post","type-post","status-publish","format-standard","has-post-thumbnail","hentry","category-provincias","tag-mendoza"],"_links":{"self":[{"href":"http:\/\/argentinamunicipal.com.ar\/argentina\/wp-json\/wp\/v2\/posts\/132668","targetHints":{"allow":["GET"]}}],"collection":[{"href":"http:\/\/argentinamunicipal.com.ar\/argentina\/wp-json\/wp\/v2\/posts"}],"about":[{"href":"http:\/\/argentinamunicipal.com.ar\/argentina\/wp-json\/wp\/v2\/types\/post"}],"author":[{"embeddable":true,"href":"http:\/\/argentinamunicipal.com.ar\/argentina\/wp-json\/wp\/v2\/users\/2"}],"replies":[{"embeddable":true,"href":"http:\/\/argentinamunicipal.com.ar\/argentina\/wp-json\/wp\/v2\/comments?post=132668"}],"version-history":[{"count":0,"href":"http:\/\/argentinamunicipal.com.ar\/argentina\/wp-json\/wp\/v2\/posts\/132668\/revisions"}],"wp:featuredmedia":[{"embeddable":true,"href":"http:\/\/argentinamunicipal.com.ar\/argentina\/wp-json\/wp\/v2\/media\/132669"}],"wp:attachment":[{"href":"http:\/\/argentinamunicipal.com.ar\/argentina\/wp-json\/wp\/v2\/media?parent=132668"}],"wp:term":[{"taxonomy":"category","embeddable":true,"href":"http:\/\/argentinamunicipal.com.ar\/argentina\/wp-json\/wp\/v2\/categories?post=132668"},{"taxonomy":"post_tag","embeddable":true,"href":"http:\/\/argentinamunicipal.com.ar\/argentina\/wp-json\/wp\/v2\/tags?post=132668"}],"curies":[{"name":"wp","href":"https:\/\/api.w.org\/{rel}","templated":true}]}}