{"id":1327,"date":"2014-02-17T17:23:55","date_gmt":"2014-02-17T20:23:55","guid":{"rendered":"http:\/\/argentinamunicipal.com.ar\/argentina\/?p=1327"},"modified":"2014-02-17T17:23:55","modified_gmt":"2014-02-17T20:23:55","slug":"salta-quieren-trasladar-las-escuelas-privadas-del-microcentro","status":"publish","type":"post","link":"http:\/\/argentinamunicipal.com.ar\/argentina\/salta-quieren-trasladar-las-escuelas-privadas-del-microcentro\/","title":{"rendered":"Salta: Quieren trasladar las escuelas privadas del microcentro"},"content":{"rendered":"<p><a href=\"http:\/\/argentinamunicipal.com.ar\/argentina\/wp-content\/uploads\/2014\/02\/0001687122.jpg\"><img loading=\"lazy\" decoding=\"async\" class=\"alignleft size-full wp-image-1328\" alt=\"0001687122\" src=\"http:\/\/argentinamunicipal.com.ar\/argentina\/wp-content\/uploads\/2014\/02\/0001687122.jpg\" width=\"448\" height=\"338\" srcset=\"http:\/\/argentinamunicipal.com.ar\/argentina\/wp-content\/uploads\/2014\/02\/0001687122.jpg 448w, http:\/\/argentinamunicipal.com.ar\/argentina\/wp-content\/uploads\/2014\/02\/0001687122-300x226.jpg 300w\" sizes=\"auto, (max-width: 448px) 100vw, 448px\" \/><\/a>\u201cTenemos que alentar a los colegios privados para que se vayan retirando del centro\u201d, dijo el intendente Miguel Isa.<\/p>\n<p>Desde la Municipalidad de Salta analizan c\u00f3mo implementar esta iniciativa, que busca descomprimir la circulaci\u00f3n vehicular en las calles c\u00e9ntricas.<\/p>\n<p>\u201cTenemos que alentar a los colegios privados para que se vayan retirando del centro\u201d, dijo el intendente Miguel Isa.<\/p>\n<p>En cuanto a la urbanizaci\u00f3n de los terrenos de Pereyra Rozas, en la zona norte de la ciudad, Isa aclar\u00f3 que se intenta dar soluciones a los beneficiarios de PROCREAR sin que el \u201curbanismo de la zona se degrade\u201d.<\/p>\n<h6>Fuente: Radio Salta<\/h6>\n","protected":false},"excerpt":{"rendered":"<p>\u201cTenemos que alentar a los colegios privados para que se vayan retirando del centro\u201d, dijo el intendente Miguel Isa. Desde la Municipalidad de Salta analizan c\u00f3mo implementar esta iniciativa, que busca descomprimir la circulaci\u00f3n vehicular en las calles c\u00e9ntricas. \u201cTenemos que alentar a los colegios privados para que se vayan retirando del centro\u201d, dijo el<\/p>\n","protected":false},"author":1,"featured_media":1328,"comment_status":"closed","ping_status":"closed","sticky":false,"template":"","format":"standard","meta":{"footnotes":""},"categories":[2],"tags":[],"class_list":["post-1327","post","type-post","status-publish","format-standard","has-post-thumbnail","hentry","category-informe-municipal"],"_links":{"self":[{"href":"http:\/\/argentinamunicipal.com.ar\/argentina\/wp-json\/wp\/v2\/posts\/1327","targetHints":{"allow":["GET"]}}],"collection":[{"href":"http:\/\/argentinamunicipal.com.ar\/argentina\/wp-json\/wp\/v2\/posts"}],"about":[{"href":"http:\/\/argentinamunicipal.com.ar\/argentina\/wp-json\/wp\/v2\/types\/post"}],"author":[{"embeddable":true,"href":"http:\/\/argentinamunicipal.com.ar\/argentina\/wp-json\/wp\/v2\/users\/1"}],"replies":[{"embeddable":true,"href":"http:\/\/argentinamunicipal.com.ar\/argentina\/wp-json\/wp\/v2\/comments?post=1327"}],"version-history":[{"count":0,"href":"http:\/\/argentinamunicipal.com.ar\/argentina\/wp-json\/wp\/v2\/posts\/1327\/revisions"}],"wp:featuredmedia":[{"embeddable":true,"href":"http:\/\/argentinamunicipal.com.ar\/argentina\/wp-json\/wp\/v2\/media\/1328"}],"wp:attachment":[{"href":"http:\/\/argentinamunicipal.com.ar\/argentina\/wp-json\/wp\/v2\/media?parent=1327"}],"wp:term":[{"taxonomy":"category","embeddable":true,"href":"http:\/\/argentinamunicipal.com.ar\/argentina\/wp-json\/wp\/v2\/categories?post=1327"},{"taxonomy":"post_tag","embeddable":true,"href":"http:\/\/argentinamunicipal.com.ar\/argentina\/wp-json\/wp\/v2\/tags?post=1327"}],"curies":[{"name":"wp","href":"https:\/\/api.w.org\/{rel}","templated":true}]}}