{"id":132724,"date":"2023-01-03T06:15:41","date_gmt":"2023-01-03T09:15:41","guid":{"rendered":"http:\/\/argentinamunicipal.com.ar\/argentina\/?p=132724"},"modified":"2023-01-03T06:15:41","modified_gmt":"2023-01-03T09:15:41","slug":"parque-nacional-ansenuza-del-agro-y-el-tambo-a-pueblos-turisticos","status":"publish","type":"post","link":"http:\/\/argentinamunicipal.com.ar\/argentina\/parque-nacional-ansenuza-del-agro-y-el-tambo-a-pueblos-turisticos\/","title":{"rendered":"Parque Nacional Ansenuza: del agro y el tambo, a pueblos tur\u00edsticos"},"content":{"rendered":"<p>Esta nueva \u00e1rea protegida- la primera en el departamento San Justo- abri\u00f3 un abanico de oportunidades para los pueblos con ADN agropecuario quienes caminan hacia una nueva industria: la tur\u00edstica con el objetivo de generar nuevas divisas para las econom\u00edas regionales.<\/p>\n<p>Este a\u00f1o fue hist\u00f3rico para nuestra regi\u00f3n que logr\u00f3 la creaci\u00f3n del Parque Nacional Ansenuza, convirti\u00e9ndose as\u00ed en el primero del departamento San Justo, el tercero en la provincia de C\u00f3rdoba y el n\u00famero 41 bajo esta categor\u00eda en el pa\u00eds.<\/p>\n<p>El 30 de junio, el Congreso de la Naci\u00f3n aprob\u00f3 el proyecto de ley de creaci\u00f3n de la mencionada reserva natural, que qued\u00f3 oficialmente inaugurada el 6 de agosto con shows en vivo, ferias y propuestas gastron\u00f3micas, actividades que fueron p\u00fablicas y gratuitas.<\/p>\n<p>Poner en valor esta \u00e1rea protegida abre un abanico de oportunidades que van del lado del desarrollo, de la conservaci\u00f3n y del cuidado. La necesidad de pensar en nuevos desaf\u00edos, como por ejemplo, el de industrias limpias como el turismo.<\/p>\n<p>Si bien Miramar de Ansenuza es el centro tur\u00edstico por excelencia, los pueblos con ADN agropecuario, que tienen cercan\u00eda a la laguna continuaron un camino s\u00f3lido hacia su transformaci\u00f3n tur\u00edstica con el objetivo de generar nuevas divisas para las econom\u00edas regionales.<\/p>\n<p>La Paquita es un buen ejemplo de ello. Una localidad rural de apenas 1.000 habitantes que recibe turistas todo el a\u00f1o de la mano de dos propuestas m\u00e1s que atractivas a pocos metros de la laguna.<\/p>\n<p>La familia Maranzana se agot\u00f3 del tambo y decidi\u00f3 reconvertirlo en \u00abEl Bajo Lpq\u00bb, un espacio bien campestre donde los turistas pueden entrar en contacto con la vida agr\u00edcola de la zona.\u00a0El visitante puede recorrer la granja, hacer cabalgatas o caminatas hasta la laguna y disfrutar de un rico asado de campo.<\/p>\n<p>A pocos metro de \u00abEl Bajo\u00bb, la casa de t\u00e9 que arm\u00f3 Melina Ghersi en su lugar de residencia: Chacra Rosa Amarilla, con todas las recetas que recuerdan a los abuelos piemonteses.<\/p>\n<p>Un emprendimiento de similares caracter\u00edsticas tom\u00f3 impulso en la ciudad de Brinkmann de la mano del establecimiento \u00abDon Silvino\u00bb, un proyecto familiar rural apuntado a preservar la naturaleza aut\u00f3ctona, mostrando costumbres ancestrales. Est\u00e1 ubicado a 15 km al oeste de la ciudad donde el turista puede disfrutar de una granja con patios materos, asadores, huerta org\u00e1nica y todas las comodidades para disfrutar el d\u00eda.<\/p>\n<p>En Morteros, el Bajo de Ansenuza logr\u00f3 posicionarse como uno de los destinos tur\u00edsticos naturales de la Provincia y ya figura dentro del sitio que la Agencia C\u00f3rdoba Turismo promociona.<\/p>\n<p>Este es s\u00f3lo el puntapi\u00e9 inicial de lo que puede ofrecer la regi\u00f3n, abriendo camino hacia un nuevo perfil productivo que ya no se limitar\u00e1 s\u00f3lo al agro, el tambo y la ganader\u00eda.<\/p>\n<p><strong>Miramar: La \u00abperla\u00bb de Ansenuza que no para de crecer<\/strong><\/p>\n<p>El coronavirus \u00able cambi\u00f3 la cara\u00bb al turismo regional. Desde el verano de 2020, la localidad de Miramar de Ansenuza registra un notable crecimiento de su ocupaci\u00f3n durante los fines de semanas largos y temporada invernal, pero la declaraci\u00f3n del Parque Nacional fue un punto de inflexi\u00f3n: \u00ablas reservas crecieron exponencialmente tambi\u00e9n el origen de los visitantes que antes estaba concentrado en vecinos de las provincias de C\u00f3rdoba y Santa Fe y hoy se extiende a todo el pa\u00eds con presencia de extranjeros.\u00a0Esto es lo que genera un parque nacional\u00bb, destacaron desde Parques Nacionales.<\/p>\n<p>\u00abEstamos tratando de que esta realidad se plasme en los municipios que est\u00e1n alrededor del parque, porque Miramar va a colapsar en alg\u00fan momento por la capacidad para recibir gente y eso va a hacer que el resto de las localidades reciban turistas, tambi\u00e9n en busca de otras alternativas de turismo naturaleza\u00bb, agregaron.<\/p>\n<h6>Fuente: La Voz de San Justo<\/h6>\n","protected":false},"excerpt":{"rendered":"<p>Esta nueva \u00e1rea protegida- la primera en el departamento San Justo- abri\u00f3 un abanico de oportunidades para los pueblos con ADN agropecuario quienes caminan hacia una nueva industria: la tur\u00edstica con el objetivo de generar nuevas divisas para las econom\u00edas regionales.<\/p>\n","protected":false},"author":2,"featured_media":132725,"comment_status":"closed","ping_status":"closed","sticky":false,"template":"","format":"standard","meta":{"footnotes":""},"categories":[2],"tags":[3],"class_list":["post-132724","post","type-post","status-publish","format-standard","has-post-thumbnail","hentry","category-informe-municipal","tag-cordoba"],"_links":{"self":[{"href":"http:\/\/argentinamunicipal.com.ar\/argentina\/wp-json\/wp\/v2\/posts\/132724","targetHints":{"allow":["GET"]}}],"collection":[{"href":"http:\/\/argentinamunicipal.com.ar\/argentina\/wp-json\/wp\/v2\/posts"}],"about":[{"href":"http:\/\/argentinamunicipal.com.ar\/argentina\/wp-json\/wp\/v2\/types\/post"}],"author":[{"embeddable":true,"href":"http:\/\/argentinamunicipal.com.ar\/argentina\/wp-json\/wp\/v2\/users\/2"}],"replies":[{"embeddable":true,"href":"http:\/\/argentinamunicipal.com.ar\/argentina\/wp-json\/wp\/v2\/comments?post=132724"}],"version-history":[{"count":0,"href":"http:\/\/argentinamunicipal.com.ar\/argentina\/wp-json\/wp\/v2\/posts\/132724\/revisions"}],"wp:featuredmedia":[{"embeddable":true,"href":"http:\/\/argentinamunicipal.com.ar\/argentina\/wp-json\/wp\/v2\/media\/132725"}],"wp:attachment":[{"href":"http:\/\/argentinamunicipal.com.ar\/argentina\/wp-json\/wp\/v2\/media?parent=132724"}],"wp:term":[{"taxonomy":"category","embeddable":true,"href":"http:\/\/argentinamunicipal.com.ar\/argentina\/wp-json\/wp\/v2\/categories?post=132724"},{"taxonomy":"post_tag","embeddable":true,"href":"http:\/\/argentinamunicipal.com.ar\/argentina\/wp-json\/wp\/v2\/tags?post=132724"}],"curies":[{"name":"wp","href":"https:\/\/api.w.org\/{rel}","templated":true}]}}