{"id":132733,"date":"2023-01-04T05:27:23","date_gmt":"2023-01-04T08:27:23","guid":{"rendered":"http:\/\/argentinamunicipal.com.ar\/argentina\/?p=132733"},"modified":"2023-01-03T06:35:46","modified_gmt":"2023-01-03T09:35:46","slug":"el-parque-industrial-de-concepcion-ya-cuenta-con-34-empresas","status":"publish","type":"post","link":"http:\/\/argentinamunicipal.com.ar\/argentina\/el-parque-industrial-de-concepcion-ya-cuenta-con-34-empresas\/","title":{"rendered":"El Parque Industrial de Concepci\u00f3n ya cuenta con 34 empresas"},"content":{"rendered":"<p>El Parque Industrial cuenta con 27 empresas operativas y 7 en etapa de construcci\u00f3n de sus instalaciones, como el caso de la firma \u201cVelos\u201d que firm\u00f3 esta semana el convenio con el Intendente para integrarse e iniciar su producci\u00f3n en la ciudad<\/p>\n<p>Esta semana, el Presidente Municipal Mart\u00edn Oliva, acompa\u00f1ado por el Presidente del Parque Industrial y coordinador de la Producci\u00f3n, Diego Gaillard, recibieron a Fernando Daniel Quinodoz como representante de la firma \u201cVELOS\u201d, que se suma al desarrollo empresarial del Parque de Concepci\u00f3n del Uruguay y quien estuvo acompa\u00f1ado del contador Marcelo Bechir.<\/p>\n<p>\u201cCon VELOS estamos iniciando la primera empresa de Latinoam\u00e9rica enfocada exclusivamente en movilidades n\u00e1uticas el\u00e9ctricas y sostenibles. Entendimos que para que este tipo de movilidad pueda competir en el mercado con la n\u00e1utica tradicional deb\u00edamos resolver el problema de costos y funcionalidad frente a los motores a combusti\u00f3n\u201d, indic\u00f3.<\/p>\n<p>Luego, detall\u00f3: \u201cPara ello deb\u00edamos optimizar y adaptar todos los subsistemas intervinientes de la movilidad dise\u00f1ando o adaptando cada uno de ellos. As\u00ed hemos dise\u00f1ado nuestros propios cascos de embarcaciones, bater\u00edas y sus sistemas de carga, mandos y los diferentes tipos de h\u00e9lices con un dise\u00f1o exclusivo para las velocidades, cascos y motores que utilizaremos\u201d.<\/p>\n<p>\u201cNuestro primer producto \u2013 consign\u00f3 &#8211; ser\u00e1 adem\u00e1s el primer kayak del mundo concebido desde un principio para un uso con motor el\u00e9ctrico (si bien se puede utilizar tambi\u00e9n con una pala doble). En una segunda etapa esperamos continuar con botes y lanchas peque\u00f1as\u201d.<\/p>\n<p>M\u00e1s adelante, puntualiz\u00f3: \u201cEn otra l\u00ednea de negocios estamos adem\u00e1s desarrollando en conjunto con otra empresa casas flotantes, totalmente autosostenibles el\u00e9ctricamente y con su propia planta de tratamientos de efluentes. Para este producto estamos concluyendo la etapa de dise\u00f1o e ingenier\u00eda\u201d.<\/p>\n<p>\u201cTen\u00edamos la posibilidad de instalar la planta productiva en Buenos Aires y analizamos ciudades como Rosario y Gualeguaych\u00fa. Por la cultura n\u00e1utica de Concepci\u00f3n, las Universidades y la capacidad t\u00e9cnica que tiene la ciudad nos decidimos por Concepci\u00f3n\u201d, coment\u00f3.<\/p>\n<p>\u201cUna particularidad del proyecto es que el primer prototipo del kayak fue realizado completamente con impresi\u00f3n 3D, siendo la primera embarcaci\u00f3n de Latinoam\u00e9rica impresa en este sistema que es funcional y puede navegar. Agradecemos finalmente la confianza de las autoridades municipales que creyeron en el proyecto otorg\u00e1ndonos la posibilidad de instalar la planta en el Parque Industrial de Concepci\u00f3n\u201d explic\u00f3 el responsable de la firma.<\/p>\n<p>\u2022 Un Parque en crecimiento<\/p>\n<p>El Presidente Municipal por su parte, destac\u00f3 la labor de Diego Gaillard al frente del Parque Industrial y del equipo de trabajo de la Direcci\u00f3n de la Producci\u00f3n, considerando el crecimiento no solo en cantidad de empresas, sino tambi\u00e9n en la infraestructura del lugar, al que se le sumaron en los \u00faltimos a\u00f1os pavimento de calles internas, acceso con garita y seguridad permanente y video vigilancia en el predio, internet acorde a las necesidades de las empresas, tanque cisterna de reserva para uso espec\u00edfico en caso de incendios, acomodamiento permanente de las calles de tierras, mejoramiento de los desag\u00fces pluviales, entre otros.<\/p>\n<p>Diego Gaillard explic\u00f3, que el Parque cuenta con 27 empresas operativas y 7 que se encuentran en etapa de construcci\u00f3n o constituci\u00f3n formal, lo que permitir\u00e1 a la gesti\u00f3n municipal, culminar este 2022 con 34 empresas en el Parque, \u201cnoticia que nos llena de orgullo\u201d subray\u00f3.<\/p>\n<p>Entre otras cosas, la gesti\u00f3n apunta a brindar seguimiento y acompa\u00f1amiento en las tramitaciones formales a las empresas que se radican, ya que \u201cmuchas son empresas experimentadas, pero otras son emprendimientos comerciales que dan un salto cualitativo importante y comienzan otro camino, que requiere en oportunidades, un acompa\u00f1amiento del Estado en su conjunto\u201d destac\u00f3 Gaillard.<\/p>\n<h6>Fuente: APFDigital<\/h6>\n","protected":false},"excerpt":{"rendered":"<p>El Parque Industrial cuenta con 27 empresas operativas y 7 en etapa de construcci\u00f3n de sus instalaciones, como el caso de la firma \u201cVelos\u201d que firm\u00f3 esta semana el convenio con el Intendente para integrarse e iniciar su producci\u00f3n en la ciudad<\/p>\n","protected":false},"author":2,"featured_media":132734,"comment_status":"closed","ping_status":"closed","sticky":false,"template":"","format":"standard","meta":{"footnotes":""},"categories":[2],"tags":[17],"class_list":["post-132733","post","type-post","status-publish","format-standard","has-post-thumbnail","hentry","category-informe-municipal","tag-entre-rios"],"_links":{"self":[{"href":"http:\/\/argentinamunicipal.com.ar\/argentina\/wp-json\/wp\/v2\/posts\/132733","targetHints":{"allow":["GET"]}}],"collection":[{"href":"http:\/\/argentinamunicipal.com.ar\/argentina\/wp-json\/wp\/v2\/posts"}],"about":[{"href":"http:\/\/argentinamunicipal.com.ar\/argentina\/wp-json\/wp\/v2\/types\/post"}],"author":[{"embeddable":true,"href":"http:\/\/argentinamunicipal.com.ar\/argentina\/wp-json\/wp\/v2\/users\/2"}],"replies":[{"embeddable":true,"href":"http:\/\/argentinamunicipal.com.ar\/argentina\/wp-json\/wp\/v2\/comments?post=132733"}],"version-history":[{"count":0,"href":"http:\/\/argentinamunicipal.com.ar\/argentina\/wp-json\/wp\/v2\/posts\/132733\/revisions"}],"wp:featuredmedia":[{"embeddable":true,"href":"http:\/\/argentinamunicipal.com.ar\/argentina\/wp-json\/wp\/v2\/media\/132734"}],"wp:attachment":[{"href":"http:\/\/argentinamunicipal.com.ar\/argentina\/wp-json\/wp\/v2\/media?parent=132733"}],"wp:term":[{"taxonomy":"category","embeddable":true,"href":"http:\/\/argentinamunicipal.com.ar\/argentina\/wp-json\/wp\/v2\/categories?post=132733"},{"taxonomy":"post_tag","embeddable":true,"href":"http:\/\/argentinamunicipal.com.ar\/argentina\/wp-json\/wp\/v2\/tags?post=132733"}],"curies":[{"name":"wp","href":"https:\/\/api.w.org\/{rel}","templated":true}]}}