{"id":132747,"date":"2023-01-04T05:25:04","date_gmt":"2023-01-04T08:25:04","guid":{"rendered":"http:\/\/argentinamunicipal.com.ar\/argentina\/?p=132747"},"modified":"2023-01-03T20:28:52","modified_gmt":"2023-01-03T23:28:52","slug":"boleto-esperan-la-llegada-de-la-tarjeta-sube-a-rosario-para-definir-el-aumento","status":"publish","type":"post","link":"http:\/\/argentinamunicipal.com.ar\/argentina\/boleto-esperan-la-llegada-de-la-tarjeta-sube-a-rosario-para-definir-el-aumento\/","title":{"rendered":"Boleto: esperan la llegada de la tarjeta Sube a Rosario para definir el aumento"},"content":{"rendered":"<p>El intendente Pablo Javkin descart\u00f3 que en enero suba la tarifa del transporte urbano. El ajuste quedar\u00e1 para febrero o marzo<\/p>\n<p>El intendente Pablo Javkin aclar\u00f3 que esperar\u00e1 hasta la implementaci\u00f3n de la tarjeta Sube para determinar un nuevo aumento del boleto en Rosario. Por lo tanto, remarc\u00f3 que no habr\u00e1 incrementos en enero. Lo dijo en el acto de presentaci\u00f3n de 15 nuevas unidades del transporte urbano de pasajeros que reforzar\u00e1n los servicios de las l\u00edneas 153 y 103. Se trata de la primera tanda de renovaciones de un total de 57 colectivos nuevos que se sumar\u00e1n este a\u00f1o al sistema local.<\/p>\n<p>En declaraciones a periodistas, el mandatario respondi\u00f3 preguntas sobre el futuro inmediato de\u00a0uno de los servicios p\u00fablicos m\u00e1s importantes y sensibles de la ciudad, y el valor del boleto no qued\u00f3 excluido.<\/p>\n<p>Es que el intendente tiene la potestad otorgada por el Concejo para establecer aumentos de boleto en forma trimestral sin la intervenci\u00f3n del \u00f3rgano legislativo, y el contexto inflacionario conspira contra los n\u00fameros b\u00e1sicos que deben sostenerse para que el servicio sea eficiente.<\/p>\n<p>Javkin se\u00f1al\u00f3: \u201cAhora\u00a0se ha dado a nivel nacional un aumento que empezar\u00e1 a ser mensual. Nosotros no aplicaremos incrementos mensuales.\u00a0Tenemos la f\u00f3rmula trimestral, pero queremos evaluarlo en funci\u00f3n de la aplicaci\u00f3n de la tarjeta Sube. Un cambio de tarifa con la Sube es muy diferente a uno sin ella. Eso se debe al n\u00famero de beneficiarios que la tarjeta Sube tiene. El impacto social es muy diferente\u201d.<\/p>\n<p>\u201cMa\u00f1ana tenemos un encuentro con funcionarios de Transporte. Cuando tengamos bien claro el cronograma de aplicaci\u00f3n de la tarjeta Sube, en el pr\u00f3ximo trimestre (que arranca en febrero), seguramente tendremos que ver alg\u00fan ajuste de tarifa porque el proceso inflacionario es innegable. No queremos adelantarnos a ning\u00fan impacto, como podr\u00eda haber sido en enero pegado al aumento nacional, porque queremos ver los tiempos en que entrar\u00e1 la tarjeta Sube y su impacto social\u201d, subray\u00f3 Javkin.<\/p>\n<p>El intendente confirm\u00f3 que al principio convivir\u00e1n los sistemas de la Sube con el de la actual Movi. \u201cTodo sistema tiene una transici\u00f3n. La fecha para la Sube es marzo con el inicio del ciclo lectivo y esa es nuestra prioridad. Habr\u00e1 un esquema de transici\u00f3n entre Sube y Movi mientras se instalan las canceladoras y establecemos la red de cargas\u201d.<\/p>\n<h6>Fuente: La Capital<\/h6>\n","protected":false},"excerpt":{"rendered":"<p>El intendente Pablo Javkin descart\u00f3 que en enero suba la tarifa del transporte urbano. El ajuste quedar\u00e1 para febrero o marzo<\/p>\n","protected":false},"author":2,"featured_media":132748,"comment_status":"closed","ping_status":"closed","sticky":false,"template":"","format":"standard","meta":{"footnotes":""},"categories":[5],"tags":[10],"class_list":["post-132747","post","type-post","status-publish","format-standard","has-post-thumbnail","hentry","category-informe-economico","tag-santa-fe"],"_links":{"self":[{"href":"http:\/\/argentinamunicipal.com.ar\/argentina\/wp-json\/wp\/v2\/posts\/132747","targetHints":{"allow":["GET"]}}],"collection":[{"href":"http:\/\/argentinamunicipal.com.ar\/argentina\/wp-json\/wp\/v2\/posts"}],"about":[{"href":"http:\/\/argentinamunicipal.com.ar\/argentina\/wp-json\/wp\/v2\/types\/post"}],"author":[{"embeddable":true,"href":"http:\/\/argentinamunicipal.com.ar\/argentina\/wp-json\/wp\/v2\/users\/2"}],"replies":[{"embeddable":true,"href":"http:\/\/argentinamunicipal.com.ar\/argentina\/wp-json\/wp\/v2\/comments?post=132747"}],"version-history":[{"count":0,"href":"http:\/\/argentinamunicipal.com.ar\/argentina\/wp-json\/wp\/v2\/posts\/132747\/revisions"}],"wp:featuredmedia":[{"embeddable":true,"href":"http:\/\/argentinamunicipal.com.ar\/argentina\/wp-json\/wp\/v2\/media\/132748"}],"wp:attachment":[{"href":"http:\/\/argentinamunicipal.com.ar\/argentina\/wp-json\/wp\/v2\/media?parent=132747"}],"wp:term":[{"taxonomy":"category","embeddable":true,"href":"http:\/\/argentinamunicipal.com.ar\/argentina\/wp-json\/wp\/v2\/categories?post=132747"},{"taxonomy":"post_tag","embeddable":true,"href":"http:\/\/argentinamunicipal.com.ar\/argentina\/wp-json\/wp\/v2\/tags?post=132747"}],"curies":[{"name":"wp","href":"https:\/\/api.w.org\/{rel}","templated":true}]}}