{"id":132750,"date":"2023-01-04T05:45:05","date_gmt":"2023-01-04T08:45:05","guid":{"rendered":"http:\/\/argentinamunicipal.com.ar\/argentina\/?p=132750"},"modified":"2023-01-03T20:36:04","modified_gmt":"2023-01-03T23:36:04","slug":"rosario-presentaron-15-nuevos-colectivos-que-se-suman-al-sistema-con-homenaje-a-messi-y-di-maria","status":"publish","type":"post","link":"http:\/\/argentinamunicipal.com.ar\/argentina\/rosario-presentaron-15-nuevos-colectivos-que-se-suman-al-sistema-con-homenaje-a-messi-y-di-maria\/","title":{"rendered":"Rosario: presentaron 15 nuevos colectivos que se suman al sistema con homenaje a Messi y Di Mar\u00eda"},"content":{"rendered":"<p>El intendente dijo que se trata de la primera tanda de incorporaciones de un total de 57 previstas para los pr\u00f3ximos meses.<\/p>\n<p>El intendente Pablo Javkin present\u00f3 este martes\u00a0las nuevas unidades que se incorporar\u00e1n al transporte p\u00fablico de pasajeros\u00a0en el marco del proceso de normalizaci\u00f3n del servicio encarado en los \u00faltimos d\u00edas del a\u00f1o pasado.\u00a0Se trata de una primera tanda de 15 coches de un total de 57 previstas para este a\u00f1o. De ese primer grupo, ocho colectivos ser\u00e1n para la empresa Rosario Bus y siete para la Movi.<\/p>\n<p>En ese marco, ratific\u00f3 que en marzo comenzar\u00e1 a funcionar el sistema de la tarjeta Sube y que podr\u00eda darse un tiempo en que ese sistema pueda convivir con la actual Movi. El dato de color que tuvo el anuncio fue que los nuevos colectivos tienen ploteados en sus laterales los rostros de\u00a0Lionel Messi y \u00c1ngel Di Mar\u00eda, con la leyenda \u00abRosario, capital mundial del f\u00fatbol\u00bb.<\/p>\n<p>Durante el discurso que pronunci\u00f3 este martes en el parque nacional a la Bandera, el mandatario remarc\u00f3 que esos 15 coches ser\u00e1n asignados \u00abal mejoramiento de las l\u00edneas que hoy tienen m\u00e1s demanda: la 153 y la 103. Son las que atraviesan la ciudad, una hacia el norte y la otro vinculando al sur con el norte, y tienen que ver con los lugares donde se reforzar\u00e1n las frecuencias. Quiero agradecer la presencia de las vecinales, que nos han marcado durante este tiempo las falencias que ten\u00eda el sistema, de las cuales \u00e9ramos conscientes, pero en un marco en el que ten\u00edamos que sobrevivir a una situaci\u00f3n imposible de prever que fue lo que gener\u00f3 la pandemia en los medios de transporte masivo\u00bb.<\/p>\n<p>\u00abAhora viene el tiempo de recuperar el servicio. Este fue un primer paso muy concreto en una de las variables m\u00e1s exigentes, volver a comprar coches nuevos en funci\u00f3n de lo que el pliego de licitaci\u00f3n establec\u00eda. Este es un plan sistem\u00e1tico que tiene que ver con la recuperaci\u00f3n de l\u00edneas\u00bb.<\/p>\n<p>El titular del Palacio de los Leones explic\u00f3 luego que \u00abeste es un primer paso en enero. El 6 de febrero vamos anunciar que vuelven los recorridos de las l\u00edneas 130 y 146, un reclamo muy fuerte de vecinos de Tablada, y la 106, 122 y 102 tambi\u00e9n van a modificar sus recorridos para abarcar m\u00e1s extensi\u00f3n. Seguiremos desarmando fusiones y recuperando recorridos\u00bb, subray\u00f3 Pablo Javkin.<\/p>\n<p><strong>La Sube en marzo<\/strong><br \/>\nEl intendente anunci\u00f3 que este mi\u00e9rcoles se reunir\u00e1 con funcionarios del Ministerio de Transporte de Naci\u00f3n \u00abpara cumplir con el objetivo de\u00a0implementar en marzo la tarjeta Sube. Eso ser\u00e1 un cambio sustancial en la ciudad.\u00a0Gran parte de los usuarios acceder\u00e1n a los beneficios sociales. En ese marco estamos acordando el trabajo entre Naci\u00f3n Servicios y el Banco Municipal en cuanto a la red de carga de la tarjeta.\u00a0Sube tiene una presencia limitada en la ciudad y la red de Movi tiene una presencia importante. Las vamos a funcionar para tener integrada las dos redes de carga\u00bb.<\/p>\n<p>\u00abAdem\u00e1s estamos esperando que se ratifique la ley que establece el criterio de subsidios al transporte que est\u00e1 en el Presupuesto nacional y lo que deber\u00eda ser una soluci\u00f3n de fondo como lo es una nueva ley federal de transporte que le d\u00e9 al sistema de Argentina equidad entre quienes vivimos en el interior del pa\u00eds y quienes viven en el \u00e1rea metropolitana de Buenos Aires. All\u00ed impusieron aumentos mensuales. Nosotros no vamos a cambiar nuestro esquema de delegaci\u00f3n trimestral. S\u00ed esperamos que los beneficios de la Sube permitan mirar esto con otro impacto. Esa es nuestra prioridad \u00ab, remarc\u00f3 Javkin.<\/p>\n<p><strong>El Paseo de los Campeones<\/strong><br \/>\nEl intendente subray\u00f3 que las l\u00edneas a las que se destinar\u00e1n estos 15 colectivos \u00abtienen el valor de que atraviesan tanto el barrio donde jugaba Di Mar\u00eda como la zona donde naci\u00f3 Messi. Nos pareci\u00f3 importante, en el marco de los homenajes que nuestros campeones se merecen, el ploteo de los colectivos con el lema de somos la capital mundial del f\u00fatbol. Siempre estuvo la tradici\u00f3n de plotear colectivos. Hoy hicimos los primeros, pero lo vamos a extender con la idea de que los tres campeones (Messi, Di Mar\u00eda y Correa) puedan permanecer como marca de la ciudad.<\/p>\n<p>En ese sentido, el intendente adelant\u00f3 que en pocos d\u00edas se crear\u00e1 en la ciudad El Paseo de los Campeones, cerca del Monumento. \u00abQueremos hacerlo con los dos clubes, tanto Torito como Grandoli, como con Newell&#8217;s y Central, en un acto que nos permita entender, m\u00e1s all\u00e1 del folclore y la disputa, el f\u00fatbol rosarino cuando se une llega a los logros como el Campeonato del Mundo, y porqu\u00e9 no trabajar para que los niveles de violencia que a veces tiene el f\u00fatbol en esta ciudad, se reconvierta en una pasi\u00f3n que tambi\u00e9n nos identifica\u00bb.<\/p>\n<p>\u00abVamos a seguir agregando unidades. Nuestro objetivo en 2023 es alcanzar las 690 coches, muy cerca de lo previsto en el pliego original. Debo remarcar el esfuerzo de las dos empresa, Rosario Bus y Movi. Es bastante dif\u00edcil lograr estas cosas en este contexto de pa\u00eds. Y esperamos con el sistema Sube a mitad de a\u00f1o, avanzar en el resto de las fusiones que queremos revertir y generaron una demanda muy importante de los vecinos. Este a\u00f1o tiene deber ser el de la recuperaci\u00f3n del transporte en un nivel de prestaci\u00f3n mayor al que ten\u00edamos antes de la pandemia\u00bb, a\u00f1adi\u00f3.<\/p>\n<h6>Fuente: La Capital<\/h6>\n","protected":false},"excerpt":{"rendered":"<p>El intendente dijo que se trata de la primera tanda de incorporaciones de un total de 57 previstas para los pr\u00f3ximos meses.<\/p>\n","protected":false},"author":2,"featured_media":132751,"comment_status":"closed","ping_status":"closed","sticky":false,"template":"","format":"standard","meta":{"footnotes":""},"categories":[2],"tags":[10],"class_list":["post-132750","post","type-post","status-publish","format-standard","has-post-thumbnail","hentry","category-informe-municipal","tag-santa-fe"],"_links":{"self":[{"href":"http:\/\/argentinamunicipal.com.ar\/argentina\/wp-json\/wp\/v2\/posts\/132750","targetHints":{"allow":["GET"]}}],"collection":[{"href":"http:\/\/argentinamunicipal.com.ar\/argentina\/wp-json\/wp\/v2\/posts"}],"about":[{"href":"http:\/\/argentinamunicipal.com.ar\/argentina\/wp-json\/wp\/v2\/types\/post"}],"author":[{"embeddable":true,"href":"http:\/\/argentinamunicipal.com.ar\/argentina\/wp-json\/wp\/v2\/users\/2"}],"replies":[{"embeddable":true,"href":"http:\/\/argentinamunicipal.com.ar\/argentina\/wp-json\/wp\/v2\/comments?post=132750"}],"version-history":[{"count":0,"href":"http:\/\/argentinamunicipal.com.ar\/argentina\/wp-json\/wp\/v2\/posts\/132750\/revisions"}],"wp:featuredmedia":[{"embeddable":true,"href":"http:\/\/argentinamunicipal.com.ar\/argentina\/wp-json\/wp\/v2\/media\/132751"}],"wp:attachment":[{"href":"http:\/\/argentinamunicipal.com.ar\/argentina\/wp-json\/wp\/v2\/media?parent=132750"}],"wp:term":[{"taxonomy":"category","embeddable":true,"href":"http:\/\/argentinamunicipal.com.ar\/argentina\/wp-json\/wp\/v2\/categories?post=132750"},{"taxonomy":"post_tag","embeddable":true,"href":"http:\/\/argentinamunicipal.com.ar\/argentina\/wp-json\/wp\/v2\/tags?post=132750"}],"curies":[{"name":"wp","href":"https:\/\/api.w.org\/{rel}","templated":true}]}}