{"id":132864,"date":"2023-01-09T06:19:08","date_gmt":"2023-01-09T09:19:08","guid":{"rendered":"http:\/\/argentinamunicipal.com.ar\/argentina\/?p=132864"},"modified":"2023-01-09T06:19:08","modified_gmt":"2023-01-09T09:19:08","slug":"festram-en-defensa-de-los-intereses-de-la-provincia-de-santa-fe","status":"publish","type":"post","link":"http:\/\/argentinamunicipal.com.ar\/argentina\/festram-en-defensa-de-los-intereses-de-la-provincia-de-santa-fe\/","title":{"rendered":"FESTRAM en defensa de los intereses de la Provincia de Santa Fe"},"content":{"rendered":"<p>NO RESIGNAREMOS DERECHOS DE LOS TRABAJADORES MUNICIPALES Y COMUNALES<\/p>\n<p>La Federaci\u00f3n de Sindicatos de Trabajadores Municipales de la Provincia de Santa Fe v\u00eda sus propios comunicados institucionales o a trav\u00e9s de lxs dirigentes de su Consejo Directivo ha venido, en los \u00faltimos a\u00f1os, se\u00f1alando espec\u00edficamente el rol de la Corte Suprema de Justicia de la Naci\u00f3n en detrimento de la Democracia y llevando adelante, resoluciones que atentan contra la divisi\u00f3n de Poderes y en particular, con los Derechos de los Trabajadores y Trabajadoras.<\/p>\n<p>Cuando en el a\u00f1o 2020 se conoci\u00f3 un fallo de la CSJN, claramente impulsado por Horacio Rosatti, d\u00f3nde sin mediar raz\u00f3n alguna el m\u00e1ximo Tribunal instal\u00f3 el tema de la Autonom\u00eda Municipal en nuestra Provincia y -en un hecho inadmisible\u2013 avanz\u00f3 sobre la propia paritaria provincial de lxs municipales santafesinxs supimos que, lamentablemente, no nos hab\u00edamos equivocado.<\/p>\n<p>Todo el accionar de Horacio Rosatti y los dem\u00e1s integrantes de la Corte fue ser \u201cla cabeza de playa\u201d de un desembarco planificado contra el Poder Ejecutivo Nacional y de absoluta injerencia en el Poder Legislativo. Esta metodolog\u00eda fue acompa\u00f1ada por las grandes empresas de la comunicaci\u00f3n y por los sectores econ\u00f3micos m\u00e1s concentrados de la econom\u00eda y las finanzas.<\/p>\n<p>Ahora, con la aparici\u00f3n de chats y mensajes, la cuesti\u00f3n a la cual hacemos referencia adquiere mayor gravedad a\u00fan. Operadores del propio Presidente de la Corte articulaban estrategias con dirigentes de Juntos x el Cambio.\u00a0Las advertencias se han confirmado. El Estado de Derecho es avasallado por el organismo que deber\u00eda ser el custodio y referente del mismo. Es decir, la mafia judicial, pol\u00edtica y econ\u00f3mica se est\u00e1 llevando puesto al propio sistema democr\u00e1tico.<\/p>\n<p>Toda esta enumeraci\u00f3n de hechos, a los cuales se le podr\u00eda agregar su incorporaci\u00f3n a la propia Corte por un decreto de Macri o su asunci\u00f3n al frente del Consejo de la Magistratura, es lo que en su momento hizo que FESTRAM se opusiera formalmente a su designaci\u00f3n.<\/p>\n<p>Como organizaci\u00f3n sindical \u2013integrantes de la Corriente Federal de Trabajadores- hemos dado muestras en las calles, en las rutas, en asambleas y manifestaciones que no vamos a ceder en la lucha para enfrentar esta situaci\u00f3n que acabamos de describir.<\/p>\n<p>Es por ello que consideramos que el Gobierno Provincial debe sumarse a la iniciativa del Presidente Alberto Fern\u00e1ndez y de un grupo de Gobernadores, para avanzar en un juicio pol\u00edtico a Horacio Rosatti.<\/p>\n<p>Ning\u00fan inter\u00e9s sectorial o pol\u00edtico puede estar por encima del Federalismo y de la Defensa de la Constituci\u00f3n, hoy bastardeada desde la Suprema Corte de Justicia de la Naci\u00f3n.<\/p>\n<h6>PRENSA FESTRAM<\/h6>\n","protected":false},"excerpt":{"rendered":"<p>NO RESIGNAREMOS DERECHOS DE LOS TRABAJADORES MUNICIPALES Y COMUNALES<\/p>\n","protected":false},"author":2,"featured_media":132865,"comment_status":"closed","ping_status":"closed","sticky":false,"template":"","format":"standard","meta":{"footnotes":""},"categories":[7],"tags":[10],"class_list":["post-132864","post","type-post","status-publish","format-standard","has-post-thumbnail","hentry","category-informe-sindical","tag-santa-fe"],"_links":{"self":[{"href":"http:\/\/argentinamunicipal.com.ar\/argentina\/wp-json\/wp\/v2\/posts\/132864","targetHints":{"allow":["GET"]}}],"collection":[{"href":"http:\/\/argentinamunicipal.com.ar\/argentina\/wp-json\/wp\/v2\/posts"}],"about":[{"href":"http:\/\/argentinamunicipal.com.ar\/argentina\/wp-json\/wp\/v2\/types\/post"}],"author":[{"embeddable":true,"href":"http:\/\/argentinamunicipal.com.ar\/argentina\/wp-json\/wp\/v2\/users\/2"}],"replies":[{"embeddable":true,"href":"http:\/\/argentinamunicipal.com.ar\/argentina\/wp-json\/wp\/v2\/comments?post=132864"}],"version-history":[{"count":0,"href":"http:\/\/argentinamunicipal.com.ar\/argentina\/wp-json\/wp\/v2\/posts\/132864\/revisions"}],"wp:featuredmedia":[{"embeddable":true,"href":"http:\/\/argentinamunicipal.com.ar\/argentina\/wp-json\/wp\/v2\/media\/132865"}],"wp:attachment":[{"href":"http:\/\/argentinamunicipal.com.ar\/argentina\/wp-json\/wp\/v2\/media?parent=132864"}],"wp:term":[{"taxonomy":"category","embeddable":true,"href":"http:\/\/argentinamunicipal.com.ar\/argentina\/wp-json\/wp\/v2\/categories?post=132864"},{"taxonomy":"post_tag","embeddable":true,"href":"http:\/\/argentinamunicipal.com.ar\/argentina\/wp-json\/wp\/v2\/tags?post=132864"}],"curies":[{"name":"wp","href":"https:\/\/api.w.org\/{rel}","templated":true}]}}