{"id":132867,"date":"2023-01-09T05:19:28","date_gmt":"2023-01-09T08:19:28","guid":{"rendered":"http:\/\/argentinamunicipal.com.ar\/argentina\/?p=132867"},"modified":"2023-01-09T06:22:05","modified_gmt":"2023-01-09T09:22:05","slug":"se-redujo-el-personal-en-el-municipio-de-ituzaingo","status":"publish","type":"post","link":"http:\/\/argentinamunicipal.com.ar\/argentina\/se-redujo-el-personal-en-el-municipio-de-ituzaingo\/","title":{"rendered":"Se redujo el personal en el Municipio de Ituzaing\u00f3"},"content":{"rendered":"<p>La planta de personal municipal se redujo un 30 por ciento, se\u00f1al\u00f3 el intendente, Juan Pablo Vald\u00e9s, quien explic\u00f3 que gracias a la obra del brazo A\u00f1a Cu\u00e1 de la represa Yacyret\u00e1, el Parque Industrial y el puerto comercial, muchos empleados con alguna especialidad presentaron su renuncia a la Municipalidad y se fueron al empleo privado.<br \/>\nCon poco m\u00e1s de 1.000 empleados al inicio de la gesti\u00f3n, hace un a\u00f1o, la planta se redujo a unos 700 en total y las razones esgrimidas son mejores sueldos y, al mismo tiempo, al Municipio le permite pagar mejores salarios al personal, manifest\u00f3.<br \/>\nPor otro parte, admiti\u00f3 que se queda sin algunos maquinistas especializados porque la mayor\u00eda de quienes se pasaron a la obra privada son del sector de Obras P\u00fablicas, inform\u00f3 el portal web Ituzaing\u00f3 Noticias.<\/p>\n<p>EN LA REGI\u00d3N<\/p>\n<p>Cabe recordar que un reciente informe se registr\u00f3 que Corrientes pas\u00f3 a tener m\u00e1s trabajadores de la econom\u00eda popular que trabajadores privados formales, cuando poco antes la situaci\u00f3n era inversa.<br \/>\nCorrientes era la \u00fanica provincia del Norte argentino que ten\u00eda m\u00e1s asalariados privados registrados que trabajadores inscriptos en la econom\u00eda popular, pero seg\u00fan los \u00faltimos datos oficiales actualmente tiene 85.096 personas inscriptas en la econom\u00eda popular contra 77.474 asalariados privados.<br \/>\nEl informe \u00abPrincipales caracter\u00edsticas de la econom\u00eda popular registrada. Informe noviembre 2022\u00bb, en el pa\u00eds los inscriptos en el Registro Nacional de Trabajadores y Trabajadoras de la Econom\u00eda Popular (Renatep) ascienden a 3.457.6692.<br \/>\nLa econom\u00eda popular gira en torno a cooperativas, empresas recuperadas, emprendimientos y talleres familiares, o agricultura familiar y en promedio se inscriben 157.167 trabajadores por mes.<br \/>\nComo se indic\u00f3, en el caso de la provincia de Corrientes, seg\u00fan se expone en el informe, en los \u00faltimos cuatro meses, pas\u00f3 a tener m\u00e1s inscriptos en la econom\u00eda popular que en el empleo privado registrado. Es que en el anterior informe, del mes de abril, Corrientes ten\u00eda 75.471 trabajadores asalariados privados y 74.613 trabajadores de la econom\u00eda popular. Pese a la paridad entre ambas categor\u00edas de trabajo, era la \u00fanica del Norte en la que hab\u00eda m\u00e1s trabajadores privados que personas registradas en la econom\u00eda popular.<\/p>\n<p>PROVINCIAS<\/p>\n<p>Ahora, todo el Norte del pa\u00eds cuenta con m\u00e1s trabajadores de la econom\u00eda popular que asalariados privados y con los 85.096 inscritos, Corrientes concentra el 2,6 por ciento del total de registrados en el Renatep.<br \/>\nEn t\u00e9rminos de distribuci\u00f3n territorial, se mantiene una mayor cantidad de inscriptos al registro en la provincia de Buenos Aires, con el 35,8 por ciento del total nacional, seguida por Tucum\u00e1n con el 6,2 por ciento, Salta con 5,8 por ciento, Chaco posee el 5,7 por ciento y Santiago del Estero apenas un poquito m\u00e1s abajo con el 5,4.<br \/>\nEl 41 por ciento restante de las inscripciones presenta una alta dispersi\u00f3n a lo largo del territorio nacional. Sin embargo, si se analiza la cantidad de inscriptos a la econom\u00eda popular en relaci\u00f3n a la poblaci\u00f3n de 18 a 65 a\u00f1os de cada provincia, es posible advertir que en Santiago del Estero esa relaci\u00f3n alcanza el 30,7 por ciento, jurisdicci\u00f3n gobernada por el justicialismo desde hace d\u00e9cadas.<br \/>\nSi se compara la cantidad de inscriptos al Renatep con los asalariados privados registrados en el Sistema Integrado Previsional Argentino (Sipa), en t\u00e9rminos geogr\u00e1ficos, se observa que en 10 provincias del Noreste y Noroeste del pa\u00eds, hay m\u00e1s inscripciones en el registro de la econom\u00eda popular.<br \/>\nEntre ellas se destacan el Chaco y Santiago del Estero, con 186.865 y 175.312 personas respectivamente.<\/p>\n<h6>Fuente: diarioellibertador.com.ar<\/h6>\n","protected":false},"excerpt":{"rendered":"<p>La planta de personal municipal se redujo un 30 por ciento, se\u00f1al\u00f3 el intendente, Juan Pablo Vald\u00e9s, quien explic\u00f3 que gracias a la obra del brazo A\u00f1a Cu\u00e1 de la represa Yacyret\u00e1, el Parque Industrial y el puerto comercial, muchos empleados con alguna especialidad presentaron su renuncia a la Municipalidad y se fueron al empleo privado.<\/p>\n","protected":false},"author":2,"featured_media":132868,"comment_status":"closed","ping_status":"closed","sticky":false,"template":"","format":"standard","meta":{"footnotes":""},"categories":[7],"tags":[13],"class_list":["post-132867","post","type-post","status-publish","format-standard","has-post-thumbnail","hentry","category-informe-sindical","tag-corrientes"],"_links":{"self":[{"href":"http:\/\/argentinamunicipal.com.ar\/argentina\/wp-json\/wp\/v2\/posts\/132867","targetHints":{"allow":["GET"]}}],"collection":[{"href":"http:\/\/argentinamunicipal.com.ar\/argentina\/wp-json\/wp\/v2\/posts"}],"about":[{"href":"http:\/\/argentinamunicipal.com.ar\/argentina\/wp-json\/wp\/v2\/types\/post"}],"author":[{"embeddable":true,"href":"http:\/\/argentinamunicipal.com.ar\/argentina\/wp-json\/wp\/v2\/users\/2"}],"replies":[{"embeddable":true,"href":"http:\/\/argentinamunicipal.com.ar\/argentina\/wp-json\/wp\/v2\/comments?post=132867"}],"version-history":[{"count":0,"href":"http:\/\/argentinamunicipal.com.ar\/argentina\/wp-json\/wp\/v2\/posts\/132867\/revisions"}],"wp:featuredmedia":[{"embeddable":true,"href":"http:\/\/argentinamunicipal.com.ar\/argentina\/wp-json\/wp\/v2\/media\/132868"}],"wp:attachment":[{"href":"http:\/\/argentinamunicipal.com.ar\/argentina\/wp-json\/wp\/v2\/media?parent=132867"}],"wp:term":[{"taxonomy":"category","embeddable":true,"href":"http:\/\/argentinamunicipal.com.ar\/argentina\/wp-json\/wp\/v2\/categories?post=132867"},{"taxonomy":"post_tag","embeddable":true,"href":"http:\/\/argentinamunicipal.com.ar\/argentina\/wp-json\/wp\/v2\/tags?post=132867"}],"curies":[{"name":"wp","href":"https:\/\/api.w.org\/{rel}","templated":true}]}}