{"id":132934,"date":"2023-01-10T04:00:01","date_gmt":"2023-01-10T07:00:01","guid":{"rendered":"http:\/\/argentinamunicipal.com.ar\/argentina\/?p=132934"},"modified":"2023-01-10T05:57:32","modified_gmt":"2023-01-10T08:57:32","slug":"localidad-del-cordon-tiene-la-tasa-municipal-mas-cara-de-santa-fe","status":"publish","type":"post","link":"http:\/\/argentinamunicipal.com.ar\/argentina\/localidad-del-cordon-tiene-la-tasa-municipal-mas-cara-de-santa-fe\/","title":{"rendered":"Localidad del Cord\u00f3n tiene la tasa municipal m\u00e1s cara de Santa Fe"},"content":{"rendered":"<p>El mi\u00e9rcoles har\u00e1n una concentraci\u00f3n pac\u00edfica para protestar por \u00abexagerados\u201d aumentos de tributos municipales.<\/p>\n<p>Vecinos y vecinas de la ciudad de Granadero Baigorria lanzaron una \u201cconvocatoria pac\u00edfica\u201d bajo la consigna \u201cNuestra bandera es el derecho del pueblo\u201d, para concentrarse en la plaza 9 de Julio, ubicada frente a la Municipalidad, el pr\u00f3ximo mi\u00e9rcoles 11 de enero a las siete de la tarde.<\/p>\n<p>Seg\u00fan anticiparon, all\u00ed exigir\u00e1n \u201cexplicaciones por aumentos exagerados\u201d de los tributos municipales y destacaron que los frentistas de esa ciudad pagan \u201cla Tasa General de Inmuebles m\u00e1s cara de la provincia\u201d. Tambi\u00e9n anunciaron que la concentraci\u00f3n se har\u00e1 sin carteles de identificaci\u00f3n pol\u00edtica.<\/p>\n<p>El enojo de los baigorrienses comenz\u00f3 a manifestarse luego de que el Concejo Municipal aprobara en los \u00faltimos d\u00edas de diciembre de 2022 un proyecto enviado por el intendente Adri\u00e1n Maglia que modific\u00f3 la Ordenanza General Impositiva.<\/p>\n<p>Esa modificaci\u00f3n autoriza a que el Departamento Ejecutivo Municipal actualice mensualmente las Tasas y Derechos que pagan frentistas y comerciantes (hasta ahora eran modificaciones cuatrimestrales) mediante un coeficiente compuesto por tres variables: las remuneraciones de la categor\u00eda 15 del escalaf\u00f3n municipal; el precio oficial del gasoil y el \u00edndice del costo de la construcci\u00f3n.<\/p>\n<p>Adem\u00e1s, el proyecto aprobado por mayor\u00eda de los concejales (s\u00f3lo Antonella Garc\u00eda del Movimiento Evita vot\u00f3 en contra y Mauro Ferraro Datri de La C\u00e1mpora estuvo ausente) estipula que en caso de que el coeficiente resulte insuficiente, el intendente queda facultado a actualizar las tasas de acuerdo a la situaci\u00f3n econ\u00f3mico-financiera del municipio.<\/p>\n<p>Pero m\u00e1s all\u00e1 de los detalles, lo concreto es que con los nuevos \u00edndices de actualizaci\u00f3n los tributos municipales sufrieron un aumento del 300% que despert\u00f3 el malestar generalizado.<\/p>\n<p>En tanto, resultaron llamativas las expresiones del concejal del Juntos por el Cambio Javier Minetti quien primero aprob\u00f3 la pol\u00e9mica Ordenanza, pero luego en un video difundido en sus redes sociales consider\u00f3 que es \u201cabsolutamente justificada la preocupaci\u00f3n de los vecinos\u201d y calific\u00f3 al aumento como \u201cmonstruoso\u201d.<\/p>\n<p>El mismo edil explic\u00f3 que \u201cse lleg\u00f3 a esta situaci\u00f3n por un error grav\u00edsimo\u201d de la Municipalidad que, err\u00f3neamente tom\u00f3 la al\u00edcuota en forma acumulativa para la actualizaci\u00f3n del per\u00edodo 2023 y adelant\u00f3 que \u201chay que corregir esto de manera inmediata\u201d.<\/p>\n<h6>Fuente: Sin Mordaza<\/h6>\n","protected":false},"excerpt":{"rendered":"<p>Vecinos y vecinas de la ciudad de Granadero Baigorria lanzaron una \u201cconvocatoria pac\u00edfica\u201d bajo la consigna \u201cNuestra bandera es el derecho del pueblo\u201d<\/p>\n","protected":false},"author":2,"featured_media":132935,"comment_status":"closed","ping_status":"closed","sticky":false,"template":"","format":"standard","meta":{"footnotes":""},"categories":[2],"tags":[10],"class_list":["post-132934","post","type-post","status-publish","format-standard","has-post-thumbnail","hentry","category-informe-municipal","tag-santa-fe"],"_links":{"self":[{"href":"http:\/\/argentinamunicipal.com.ar\/argentina\/wp-json\/wp\/v2\/posts\/132934","targetHints":{"allow":["GET"]}}],"collection":[{"href":"http:\/\/argentinamunicipal.com.ar\/argentina\/wp-json\/wp\/v2\/posts"}],"about":[{"href":"http:\/\/argentinamunicipal.com.ar\/argentina\/wp-json\/wp\/v2\/types\/post"}],"author":[{"embeddable":true,"href":"http:\/\/argentinamunicipal.com.ar\/argentina\/wp-json\/wp\/v2\/users\/2"}],"replies":[{"embeddable":true,"href":"http:\/\/argentinamunicipal.com.ar\/argentina\/wp-json\/wp\/v2\/comments?post=132934"}],"version-history":[{"count":0,"href":"http:\/\/argentinamunicipal.com.ar\/argentina\/wp-json\/wp\/v2\/posts\/132934\/revisions"}],"wp:featuredmedia":[{"embeddable":true,"href":"http:\/\/argentinamunicipal.com.ar\/argentina\/wp-json\/wp\/v2\/media\/132935"}],"wp:attachment":[{"href":"http:\/\/argentinamunicipal.com.ar\/argentina\/wp-json\/wp\/v2\/media?parent=132934"}],"wp:term":[{"taxonomy":"category","embeddable":true,"href":"http:\/\/argentinamunicipal.com.ar\/argentina\/wp-json\/wp\/v2\/categories?post=132934"},{"taxonomy":"post_tag","embeddable":true,"href":"http:\/\/argentinamunicipal.com.ar\/argentina\/wp-json\/wp\/v2\/tags?post=132934"}],"curies":[{"name":"wp","href":"https:\/\/api.w.org\/{rel}","templated":true}]}}