{"id":132940,"date":"2023-01-10T06:17:35","date_gmt":"2023-01-10T09:17:35","guid":{"rendered":"http:\/\/argentinamunicipal.com.ar\/argentina\/?p=132940"},"modified":"2023-01-10T06:17:35","modified_gmt":"2023-01-10T09:17:35","slug":"se-consolida-entre-los-6-intendentes-del-pj-mendocino-la-decision-de-desdoblar-las-elecciones-comunales","status":"publish","type":"post","link":"http:\/\/argentinamunicipal.com.ar\/argentina\/se-consolida-entre-los-6-intendentes-del-pj-mendocino-la-decision-de-desdoblar-las-elecciones-comunales\/","title":{"rendered":"Se consolida entre los 6 intendentes del PJ mendocino la decisi\u00f3n de desdoblar las elecciones comunales"},"content":{"rendered":"<p>Pretenden aislar la elecci\u00f3n comunal de posibles efectos arrastre que podr\u00edan padecer si fuesen en la misma boleta que los candidatos a la gobernaci\u00f3n. Tres ir\u00e1n por la reelecci\u00f3n y los tres restantes buscar\u00e1n un lugar en las pr\u00f3ximas listas<\/p>\n<p>Los 6 intendentes del PJ mendocino\u00a0ya tomaron la decisi\u00f3n sobre qu\u00e9 hacer en las pr\u00f3ximas elecciones, lo que a\u00fan no definen es c\u00f3mo lo comunicar\u00e1n para que no parezca un manotazo por conveniencia pol\u00edtica. Aunque dilaten esa confirmaci\u00f3n y concreten un par de reuniones en los pr\u00f3ximos d\u00edas, los jefes comunales del Peronismo\u00a0coinciden en que lo m\u00e1s conveniente es desdoblar las elecciones comunales del esquema provincial.<\/p>\n<p>Est\u00e1n convencidos -aunque haya dirigentes del mismo PJ que los cuestionan internamente-, que adelantar los comicios es la \u00fanica manera de no correr riesgos de posibles efectos arrastres y asegurarse al menos seguir gobernando esas comunas.<\/p>\n<p>A los que\u00a0les critican que as\u00ed le quitar\u00e1n respaldo a quien termine siendo su candidato a la gobernaci\u00f3n,\u00a0les\u00a0responden\u00a0envalentonados que adelantando las elecciones,\u00a0ese peronista que compita por el sill\u00f3n de San Mart\u00edn llegar\u00e1 a la contienda habiendo ganado 6 comunas.<\/p>\n<p>Para eso cada uno de los intendentes deber\u00e1 firmar los decretos\u00a0convocando a esos comicios el pr\u00f3ximo 30 de enero,\u00a0para que en las comunas de\u00a0Maip\u00fa, San Rafael, Tunuy\u00e1n, Lavalle, Santa Rosa y La Paz se realicen las PASO para intendente el domingo 30 de abril.<\/p>\n<p>\u00abAl ser electiva, esa\u00a0es una decisi\u00f3n que tiene que tomar cada uno de los intendentes en su comuna.\u00a0Sin embargo, al menos yo, lo que m\u00e1s quiero es que sea una decisi\u00f3n que surja del consenso, porque hay que pensar en la estructura completa del partido\u00bb, advert\u00eda d\u00edas atr\u00e1s el intendente de La Paz, Fernando Ubieta.<\/p>\n<p>\u00abEs mejor para el ciudadano\u00a0que pueda votar individualmente para\u00a0diferenciar la propuesta local,\u00a0de la provincial y de la nacional. Y que pueda\u00a0apreciar esa propuesta de futura gesti\u00f3n con m\u00e1s objetividad,\u00a0de manera tal de que el voto tenga que ver con los intereses de todos los sanrafaelinos\u00bb, valor\u00f3 en su momento el diputado Omar F\u00e9lix, hermano del intendente de San Rafael, y al que varios ven como el futuro candidato a sucederlo en la intendencia.<\/p>\n<p>\u00abAl desdoblar\u00a0aisl\u00e1s la elecci\u00f3n comunal de cualquier efecto arrastre de figuras externas\u00a0a la decisi\u00f3n de definir qui\u00e9n comandar\u00e1 la intendencia y a la vez logr\u00e1s que el elector se concentre en evaluar la gesti\u00f3n\u00bb, aportaron desde el PJ tunuyanino.<\/p>\n<p>Si bien todos coinciden en que la estrategia m\u00e1s v\u00e1lida es apuntar a que el elector valore las gestiones comunales y elija en consecuencia en una elecci\u00f3n acotada, hay al menos uno de ellos que pone reparos. De la consulta a los jefes comunales, se desprende que\u00a0Mat\u00edas Stevanato es el menos convencido de todos.\u00a0Fue el \u00fanico que falt\u00f3 a una reuni\u00f3n de los otros 5 intendentes, que se hizo tras la visita del ministro Gabriel Katopodis a Tunuy\u00e1n.<\/p>\n<p>Algunos creen que el maipucino dilata la decisi\u00f3n porque\u00a0guarda la esperanza de que Adolfo o Alejandro Bermejo pudieran presentarse como candidato a gobernador, y en ese esquema entiende que su obligaci\u00f3n ser\u00eda no desdoblar para respaldar esas posibles candidaturas con los votos que consiguiesen en Maip\u00fa.<\/p>\n<p>Sin embargo, hasta ahora\u00a0no hay indicadores de que alguno de los Bermejo se sienta tentado con volver a ponerle el cuerpo a una nueva campa\u00f1a. Hay que recordar que\u00a0Adolfo fue el candidato del PJ en el 2015, cuando todos los intendentes desdoblaron las elecciones, menos su hermano Alejandro, que en aquel momento comandaba Maip\u00fa.<\/p>\n<p>Y cuatro a\u00f1os m\u00e1s tarde,\u00a0en el 2019 Alejandro Bermejo\u00a0-casi forzado por un sector del partido-\u00a0acept\u00f3 ser candidato, pero perdi\u00f3 en las PASO con Anabel Fern\u00e1ndez Sagasti,\u00a0que termin\u00f3 siendo la ungida para competir con Rodolfo Suarez en las generales.<\/p>\n<p><strong>Los que van por la reelecci\u00f3n y los que buscar\u00e1n un lugarcito en las listas<\/strong><br \/>\nLo \u00fanico que hoy\u00a0diferencia las distintas estrategias electorales de los jefes comunales peronistas es la posibilidad o la imposibilidad de buscar una reelecci\u00f3n.<\/p>\n<p>Los tres habilitados para hacerlo,\u00a0Flor Dest\u00e9fanis de Santa Rosa, Mat\u00edas Stevanato de Maip\u00fa y Fernando Ubieta de La Paz, est\u00e1n decididos a dar la pelea por una gesti\u00f3n m\u00e1s\u00a0al frente de esas intendencias, y es muy probable que los tres lo consigan. No s\u00f3lo porque tienen gesti\u00f3n para usar de vidriera, sino tambi\u00e9n porque Cambia Mendoza no ha logrado construir en esas comunas una propuesta atractiva y competitiva.<\/p>\n<p>En una situaci\u00f3n mucho m\u00e1s apremiante est\u00e1n los tres intendentes m\u00e1s experimentados del peronismo: Emir F\u00e9lix, Mart\u00edn Aveiro y Roberto Righi. Ninguno de ellos podr\u00e1 buscar una nueva reelecci\u00f3n y por tanto est\u00e1n forzados a redise\u00f1ar su futuro pol\u00edtico.<\/p>\n<p>El \u00fanico que ya hizo su apuesta es\u00a0Aveiro.\u00a0Desde hace tiempo le reconoci\u00f3 a su entorno pol\u00edtico cercano que ante este escenario de elecciones desdobladas,\u00a0est\u00e1 dispuesto a ir como candidato a primer concejal con el fin de \u00abapuntalar\u00bb la boleta que llevar\u00e1 como candidato a sucederlo a Emir Andraos.<\/p>\n<p>Por su lado,\u00a0Roberto Righi podr\u00eda sumarse a la lista de diputados nacionales\u00a0para la cual al peronismo le sobran nombres. Si bien el lavallino a\u00fan no ha confirmado cu\u00e1les son sus aspiraciones para los pr\u00f3ximos comicios, si es claro que se respalda en el sector de los intendentes y \u00faltimamente se lo ha visto\u00a0muy cercano a los massistas mendocinos que lidera Gabriela Lizana.<\/p>\n<p>El destino de Emir F\u00e9lix es incierto.\u00a0Si bien hay quienes se entusiasman con que pueda ser candidato a gobernador, \u00e9l mismo no parece fascinado con dar esa pelea. Esa posibilidad no suena l\u00f3gica: si estuviese pensando encabezar la lista a gobernador no deber\u00eda desdoblar las elecciones en su comuna, al menos para asegurarse el respaldo de los votos sanrafaelinos que lo vienen acompa\u00f1ando a \u00e9l y a su hermano en los \u00faltimos 20 a\u00f1os.<\/p>\n<p><strong>Desdoblan \u00abpara simplificarle la vida al votante\u00bb<\/strong><br \/>\nOtro de los\u00a0argumentos a los que apelar\u00e1n los intendentes peronistas para justificar la decisi\u00f3n de desdoblar,\u00a0es que\u00a0haci\u00e9ndolo le van a simplificar la elecci\u00f3n a los votantes, que en los pr\u00f3ximos comicios\u00a0deber\u00e1n elegir por primera vez usando la boleta \u00fanica de papel.<\/p>\n<p>Cr\u00edticos de esa herramienta electoral, que impuls\u00f3 y gan\u00f3 en la Legislatura el gobernador Rodolfo Suarez, los jefes comunales van a insistir en que al desdoblar las elecciones, esa enorme boleta \u00fanica que contendr\u00e1 los candidatos de todos los partidos y los frente electorales, se va a acotar y \u00abser\u00e1 m\u00e1s simple para el votante elegir a sus candidatos\u00bb.<\/p>\n<p>\u00abDesdoblando y acotando la boleta a la elecci\u00f3n de intendentes y concejales, creemos que no s\u00f3lo restringimos los coletazos de efectos arrastre de las candidaturas provinciales y nacionales, tambi\u00e9n\u00a0acotamos el margen de error que pudiera haber con la enorme boleta \u00fanica de papel. Hay que decirlo,\u00a0si la gente se equivocaba con la vieja lista s\u00e1bana imaginen lo que suceder\u00e1 cuando se encuentre con la enorme boleta \u00fanica\u00bb, sinceraron algunos referentes desde el PJ de Tunuy\u00e1n.<\/p>\n<p>La misma mirada sostuvo el intendente de La Paz, cuando sentenci\u00f3: \u00abla boleta \u00fanica de papel no va a resolver ni cambiar nada\u00a0porque la foto que aparece es la del principal candidato y es probable que nadie sepa quienes est\u00e1n debajo en la lista. S\u00f3lo\u00a0viene a complicarle la vida al elector. La elecci\u00f3n en Mendoza va a ser compleja, van a haber muchas impugnaciones\u00bb, pronostic\u00f3 Ubieta.<\/p>\n<h6>Fuente: Uno<\/h6>\n","protected":false},"excerpt":{"rendered":"<p>Pretenden aislar la elecci\u00f3n comunal de posibles efectos arrastre que podr\u00edan padecer si fuesen en la misma boleta que los candidatos a la gobernaci\u00f3n. Tres ir\u00e1n por la reelecci\u00f3n y los tres restantes buscar\u00e1n un lugar en las pr\u00f3ximas listas<\/p>\n","protected":false},"author":2,"featured_media":132941,"comment_status":"closed","ping_status":"closed","sticky":false,"template":"","format":"standard","meta":{"footnotes":""},"categories":[4],"tags":[31],"class_list":["post-132940","post","type-post","status-publish","format-standard","has-post-thumbnail","hentry","category-informe-politico","tag-mendoza"],"_links":{"self":[{"href":"http:\/\/argentinamunicipal.com.ar\/argentina\/wp-json\/wp\/v2\/posts\/132940","targetHints":{"allow":["GET"]}}],"collection":[{"href":"http:\/\/argentinamunicipal.com.ar\/argentina\/wp-json\/wp\/v2\/posts"}],"about":[{"href":"http:\/\/argentinamunicipal.com.ar\/argentina\/wp-json\/wp\/v2\/types\/post"}],"author":[{"embeddable":true,"href":"http:\/\/argentinamunicipal.com.ar\/argentina\/wp-json\/wp\/v2\/users\/2"}],"replies":[{"embeddable":true,"href":"http:\/\/argentinamunicipal.com.ar\/argentina\/wp-json\/wp\/v2\/comments?post=132940"}],"version-history":[{"count":0,"href":"http:\/\/argentinamunicipal.com.ar\/argentina\/wp-json\/wp\/v2\/posts\/132940\/revisions"}],"wp:featuredmedia":[{"embeddable":true,"href":"http:\/\/argentinamunicipal.com.ar\/argentina\/wp-json\/wp\/v2\/media\/132941"}],"wp:attachment":[{"href":"http:\/\/argentinamunicipal.com.ar\/argentina\/wp-json\/wp\/v2\/media?parent=132940"}],"wp:term":[{"taxonomy":"category","embeddable":true,"href":"http:\/\/argentinamunicipal.com.ar\/argentina\/wp-json\/wp\/v2\/categories?post=132940"},{"taxonomy":"post_tag","embeddable":true,"href":"http:\/\/argentinamunicipal.com.ar\/argentina\/wp-json\/wp\/v2\/tags?post=132940"}],"curies":[{"name":"wp","href":"https:\/\/api.w.org\/{rel}","templated":true}]}}