{"id":132952,"date":"2023-01-11T05:12:52","date_gmt":"2023-01-11T08:12:52","guid":{"rendered":"http:\/\/argentinamunicipal.com.ar\/argentina\/?p=132952"},"modified":"2023-01-10T18:16:09","modified_gmt":"2023-01-10T21:16:09","slug":"continuan-los-trabajos-de-construccion-de-la-bicisenda-pensar-malvinas-en-ushuaia","status":"publish","type":"post","link":"http:\/\/argentinamunicipal.com.ar\/argentina\/continuan-los-trabajos-de-construccion-de-la-bicisenda-pensar-malvinas-en-ushuaia\/","title":{"rendered":"Contin\u00faan los trabajos de construcci\u00f3n de la bicisenda \u2018Pensar Malvinas\u2019 en Ushuaia"},"content":{"rendered":"<p>La secretaria de Planificaci\u00f3n e Inversi\u00f3n P\u00fablica del municipio de Ushuaia, Gabriela Mu\u00f1iz Siccardi, precis\u00f3 que los \u00faltimos avances refieren al encofrado de la ciclov\u00eda y la colocaci\u00f3n de vigas de contenci\u00f3n. La bicisenda, paralela a la avenida H\u00e9roes de Malvinas, unir\u00e1 el ingreso a la ciudad con la rotonda del Polivalente de Arte.<\/p>\n<p>La Municipalidad de Ushuaia contin\u00faa con la obra de la Bicisenda \u2018Pensar Malvinas\u2019 de manera paralela a la avenida H\u00e9roes de Malvinas, que unir\u00e1 el ingreso a la ciudad con la rotonda de acceso al Colegio Polivalente de Arte.<\/p>\n<p>Sobre los avances en la construcci\u00f3n, la secretaria de Planificaci\u00f3n e Inversi\u00f3n P\u00fablica municipal, Gabriela Mu\u00f1iz Siccardi indic\u00f3 que \u201cse est\u00e1 trabajando en distintos sectores, avanzando en la ejecuci\u00f3n de la obra total en los distintos tramos\u201d.<\/p>\n<p>La funcionaria precis\u00f3 que en los \u00faltimos d\u00edas, \u201cestuvimos trabajando en el encofrado de lo que es la ciclov\u00eda, es decir el moldeado de su recorrido, en un sector m\u00e1s pr\u00f3ximo a la rotonda de ingreso\u201d, a la altura 3500 de la avenida H\u00e9roes de Malvinas.<\/p>\n<p>\u201cHoy se trabaj\u00f3 tambi\u00e9n en el moldeado y encofrado de la viga en el sector de la rotonda de ingreso al cerro Alarken \u00a0-agreg\u00f3 Mu\u00f1iz Siccardi- y se continu\u00f3 con la construcci\u00f3n de la viga de contenci\u00f3n a la altura del barrio Gustavo Gir\u00f3\u201d, expuso.<\/p>\n<p>Para finalizar la Secretaria de Planificaci\u00f3n asegur\u00f3 que \u201cesta es una obra muy importante para Ushuaia porque tambi\u00e9n acompa\u00f1a los nuevos tiempos, la necesidad de otras formas de movilidad en la ciudad y cambia la vida cotidiana de nuestros vecinos y vecinas\u201d, remarc\u00f3 Mu\u00f1iz Siccardi.<\/p>\n<h6>Fuente: El Diario del Fin del Mundo<\/h6>\n","protected":false},"excerpt":{"rendered":"<p>La bicisenda, paralela a la avenida H\u00e9roes de Malvinas, unir\u00e1 el ingreso a la ciudad con la rotonda del Polivalente de Arte.<\/p>\n","protected":false},"author":2,"featured_media":132953,"comment_status":"closed","ping_status":"closed","sticky":false,"template":"","format":"standard","meta":{"footnotes":""},"categories":[2],"tags":[34],"class_list":["post-132952","post","type-post","status-publish","format-standard","has-post-thumbnail","hentry","category-informe-municipal","tag-tierra-del-fuego"],"_links":{"self":[{"href":"http:\/\/argentinamunicipal.com.ar\/argentina\/wp-json\/wp\/v2\/posts\/132952","targetHints":{"allow":["GET"]}}],"collection":[{"href":"http:\/\/argentinamunicipal.com.ar\/argentina\/wp-json\/wp\/v2\/posts"}],"about":[{"href":"http:\/\/argentinamunicipal.com.ar\/argentina\/wp-json\/wp\/v2\/types\/post"}],"author":[{"embeddable":true,"href":"http:\/\/argentinamunicipal.com.ar\/argentina\/wp-json\/wp\/v2\/users\/2"}],"replies":[{"embeddable":true,"href":"http:\/\/argentinamunicipal.com.ar\/argentina\/wp-json\/wp\/v2\/comments?post=132952"}],"version-history":[{"count":0,"href":"http:\/\/argentinamunicipal.com.ar\/argentina\/wp-json\/wp\/v2\/posts\/132952\/revisions"}],"wp:featuredmedia":[{"embeddable":true,"href":"http:\/\/argentinamunicipal.com.ar\/argentina\/wp-json\/wp\/v2\/media\/132953"}],"wp:attachment":[{"href":"http:\/\/argentinamunicipal.com.ar\/argentina\/wp-json\/wp\/v2\/media?parent=132952"}],"wp:term":[{"taxonomy":"category","embeddable":true,"href":"http:\/\/argentinamunicipal.com.ar\/argentina\/wp-json\/wp\/v2\/categories?post=132952"},{"taxonomy":"post_tag","embeddable":true,"href":"http:\/\/argentinamunicipal.com.ar\/argentina\/wp-json\/wp\/v2\/tags?post=132952"}],"curies":[{"name":"wp","href":"https:\/\/api.w.org\/{rel}","templated":true}]}}