{"id":132961,"date":"2023-01-11T05:00:16","date_gmt":"2023-01-11T08:00:16","guid":{"rendered":"http:\/\/argentinamunicipal.com.ar\/argentina\/?p=132961"},"modified":"2023-01-10T18:29:29","modified_gmt":"2023-01-10T21:29:29","slug":"seis-obras-publicas-prometen-desarrollo-para-la-olvidada-zona-sur-de-rosario","status":"publish","type":"post","link":"http:\/\/argentinamunicipal.com.ar\/argentina\/seis-obras-publicas-prometen-desarrollo-para-la-olvidada-zona-sur-de-rosario\/","title":{"rendered":"Seis obras p\u00fablicas prometen desarrollo para la olvidada zona sur de Rosario"},"content":{"rendered":"<p>La provincia anunci\u00f3 refacci\u00f3n de calles y de una escuela, viviendas y saneamiento en un \u00e1rea postergada en cuanto a infraestructura. Se suman a los trabajos en curso en el Saladillo<\/p>\n<p>De las diez obras p\u00fablicas para Rosario que anunci\u00f3 el gobernador Omar Perotti el 28 de diciembre, seis est\u00e1n ubicadas en la zona sur.\u00a0La refacci\u00f3n de una de sus pocas escuelas secundarias, la construcci\u00f3n de viviendas, la remodelaci\u00f3n y apertura de calles, obras cloacales y la estabilizaci\u00f3n de la cascada del arroyo Saladillo, ya en marcha,\u00a0prometen el desarrollo de un vasto sector urbano postergado en relaci\u00f3n al resto de la ciudad.\u00a0En total, los proyectos suman una inversi\u00f3n de casi 15 mil millones de pesos.<\/p>\n<p>\u201cLa zona sur tiene atraso en cuanto a obra p\u00fablica y vulnerabilidad social\u201d, reconoci\u00f3 reconoci\u00f3 la ministra de Infraestructura, Servicios P\u00fablicos y H\u00e1bitat de la provincia, Silvina Frana, en di\u00e1logo con\u00a0La Capital\u00a0y detall\u00f3 los criterios para priorizar estas seis iniciativas.\u00a0En el caso de la escuela N\u00ba 392\u00a0Juramento a la Bandera, de San Mart\u00edn y Arij\u00f3n, fue un pedido del Ministerio de Educaci\u00f3n. Ser\u00e1 el primer edificio escolar pospandemia de Rosario (dotado de una nueva espacialidad), con un plazo de ejecuci\u00f3n de 240 d\u00edas que comenzaron a correr el 5 de enero. \u201cCuando fuimos a verla no nos qued\u00f3 dudas sobre la necesidad de intervenir, incluso\u00a0han dado clases en contenedores ante la demanda de alumnado\u201d, apunt\u00f3 Frana.<\/p>\n<p>A esto se suman los\u00a0arreglos en dos importantes arterias: Ayacucho entre bulevar Segu\u00ed y Lamadrid (barrio Tablada); y bulevar Segu\u00ed (que ya hab\u00eda sido refaccionado desde bulevar Oro\u00f1o hacia el oeste) entre Oro\u00f1o y Ayacucho, con el agregado de que 64 de las 1.464 nuevas unidades habitacionales anunciadas para Rosario corresponden a \u201cviviendas que dificultan la traza de Segu\u00ed al este\u201d, detall\u00f3 Frana y dijo que \u201cya hay un terreno identificado en la zona porque siempre las relocalizaciones se realizan en cercan\u00edas\u201d. La licitaci\u00f3n para esta obra, que una vez construidas las casas y mudadas las familias permitir\u00e1 liberar la avenida hasta el r\u00edo, est\u00e1 prevista para fines de enero. \u201cEsperamos tener suerte ya que en materia de viviendas hubo dificultades en Rosario: fracasaron muchas licitaciones porque se presentaban ofertas muy por encima de los presupuestos oficiales\u201d, coment\u00f3 la funcionaria.<\/p>\n<p>En cuanto a las calles a acondicionar, con una inversi\u00f3n total de casi cuatro millones de pesos entre las dos, financiada por Vialidad provincial, \u201cfue el intendente de Rosario quien puso en evidencia la necesidad de esas obras en el marco del Plan Incluir\u201d. Por cierto Pablo Javkin estuvo sentado en la mesa de los anuncios del 28 de diciembre.<\/p>\n<p>Los otros dos ambiciosos proyectos son\u00a0la construcci\u00f3n de la obra b\u00e1sica cloacal del futuro Hospital Regional Sur, comprendida dentro de una planificaci\u00f3n general para la zona sur que incluye los barrios T\u00edo Rolo, Puente Gallego, 17 de agosto, Las Flores Este y Sur, Irigoyen, San Mart\u00edn Sudeste y Sudoeste, y el\u00a0saneamiento de la cuenca del Emisario Sur, cuyos efluentes cloacales y pluviales se vierten sin tratar al Paran\u00e1.\u00a0Si bien el proyecto ejecutivo del emisario est\u00e1 terminado, \u201cse trabaja con el Ente Nacional de Obras Sanitarias (Enosa) para obtener financiamiento\u201d, explic\u00f3 Frana. La obra \u201cgenerar\u00e1 la posibilidad de evacuar las aguas tratadas al r\u00edo y adem\u00e1s se van a hacer cloacas (conexiones domiciliarias) para muchas familias\u201d.<\/p>\n<p>Por otra parte en el barrio Saladillo\u00a0se encuentra en curso la estabilizaci\u00f3n de la cascada del arroyo que opera como l\u00edmite con Villa Gobernador G\u00e1lvez, en el marco de la recuperaci\u00f3n del Parque Regional Sur,\u00a0y que se financia con fondos nacionales. El proyecto se desarrolla en dos etapas y es uno de los caballitos de batalla de la gesti\u00f3n de Perotti: lo considera estrat\u00e9gico y de alto valor para el \u00e1rea metropolitana.<\/p>\n<p>Cuando este conjunto de obras se complete \u201cva a ser un shock para la zona\u201d, reconoci\u00f3 Frana. Y a\u00f1adi\u00f3: \u201cSanta Fe es una provincia con muchas asimetr\u00edas y en las grandes ciudades esto tambi\u00e9n pasa. Las obras p\u00fablicas influyen positivamente, generan por ejemplo condiciones de seguridad aunque no resuelvan los problemas de seguridad de fondo\u201d.<\/p>\n<p><strong>Una escuela pospandemia en Saladillo<\/strong><br \/>\nLa intervenci\u00f3n en la secundaria de orientaci\u00f3n t\u00e9cnica N\u00ba 392 implica la restauraci\u00f3n del casco viejo del edificio y la construcci\u00f3n de dos nuevas plantas bajo la l\u00f3gica de la escuela pospandemia, la primera de Rosario,\u00a0detall\u00f3 la secretaria de Obras P\u00fablicas de la provincia, Leticia Battaglia. Se dise\u00f1\u00f3 para una matr\u00edcula de 600 estudiantes, con un \u00e1rea cubierta total de 2.485 metros cubiertos y una superficie de 3.157. Hasta el a\u00f1o pasado funcionaba \u201cen aulas m\u00f3viles, muy precarias\u201d, se\u00f1al\u00f3 la funcionaria.<\/p>\n<p>Mientras duren las tareas de refacci\u00f3n, la instituci\u00f3n se muda al que fuera el casino de oficiales del ex Batall\u00f3n 121, actualmente vac\u00edo.\u00a0Se encuentra tambi\u00e9n en zona sur, donde est\u00e1 emplazado el Polo Tecnol\u00f3gico. Para posibilitar el traslado se van a rehabilitar los ba\u00f1os del ex casino y cuando la escuela retorne a su tradicional locaci\u00f3n de Arij\u00f3n y San Mart\u00edn, renovada, el espacio mantendr\u00e1 usos educativos.<\/p>\n<p>\u201cLa 392 es una secundaria orientada p\u00fablica, que absorbe poblaci\u00f3n de varios barrios del sur porque hay pocas escuelas p\u00fablicas en la zona. Se trata de una instituci\u00f3n emblem\u00e1tica que nunca hab\u00eda tenido intervenci\u00f3n\u201d, coment\u00f3 Battaglia. \u201cLa apuesta es que el a\u00f1o lectivo lo terminen en el edificio nuevo, si no ser\u00e1 a principios de 2024\u201d, agreg\u00f3.<\/p>\n<p>El car\u00e1cter pospand\u00e9mico de la construcci\u00f3n, que ya est\u00e1 licitada, tiene que ver con \u201cuna nueva espacialidad\u201d. A lo que se agrega \u201cventilaci\u00f3n cruzada, construcci\u00f3n eficiente y ecol\u00f3gica, aprovechamiento de los recursos, apertura a la comunidad, huerta, cantina saludable\u201d, precis\u00f3 la secretaria de Obras P\u00fablicas.<\/p>\n<h6>Fuente: La Capital<\/h6>\n","protected":false},"excerpt":{"rendered":"<p>La provincia anunci\u00f3 refacci\u00f3n de calles y de una escuela, viviendas y saneamiento en un \u00e1rea postergada en cuanto a infraestructura. Se suman a los trabajos en curso en el Saladillo<\/p>\n","protected":false},"author":2,"featured_media":132962,"comment_status":"closed","ping_status":"closed","sticky":false,"template":"","format":"standard","meta":{"footnotes":""},"categories":[2],"tags":[10],"class_list":["post-132961","post","type-post","status-publish","format-standard","has-post-thumbnail","hentry","category-informe-municipal","tag-santa-fe"],"_links":{"self":[{"href":"http:\/\/argentinamunicipal.com.ar\/argentina\/wp-json\/wp\/v2\/posts\/132961","targetHints":{"allow":["GET"]}}],"collection":[{"href":"http:\/\/argentinamunicipal.com.ar\/argentina\/wp-json\/wp\/v2\/posts"}],"about":[{"href":"http:\/\/argentinamunicipal.com.ar\/argentina\/wp-json\/wp\/v2\/types\/post"}],"author":[{"embeddable":true,"href":"http:\/\/argentinamunicipal.com.ar\/argentina\/wp-json\/wp\/v2\/users\/2"}],"replies":[{"embeddable":true,"href":"http:\/\/argentinamunicipal.com.ar\/argentina\/wp-json\/wp\/v2\/comments?post=132961"}],"version-history":[{"count":0,"href":"http:\/\/argentinamunicipal.com.ar\/argentina\/wp-json\/wp\/v2\/posts\/132961\/revisions"}],"wp:featuredmedia":[{"embeddable":true,"href":"http:\/\/argentinamunicipal.com.ar\/argentina\/wp-json\/wp\/v2\/media\/132962"}],"wp:attachment":[{"href":"http:\/\/argentinamunicipal.com.ar\/argentina\/wp-json\/wp\/v2\/media?parent=132961"}],"wp:term":[{"taxonomy":"category","embeddable":true,"href":"http:\/\/argentinamunicipal.com.ar\/argentina\/wp-json\/wp\/v2\/categories?post=132961"},{"taxonomy":"post_tag","embeddable":true,"href":"http:\/\/argentinamunicipal.com.ar\/argentina\/wp-json\/wp\/v2\/tags?post=132961"}],"curies":[{"name":"wp","href":"https:\/\/api.w.org\/{rel}","templated":true}]}}