{"id":132964,"date":"2023-01-11T05:45:50","date_gmt":"2023-01-11T08:45:50","guid":{"rendered":"http:\/\/argentinamunicipal.com.ar\/argentina\/?p=132964"},"modified":"2023-01-10T18:31:51","modified_gmt":"2023-01-10T21:31:51","slug":"el-salado-sufre-la-falta-de-lluvias-y-en-santo-tome-el-rio-bajo-casi-tres-metros-en-50-dias","status":"publish","type":"post","link":"http:\/\/argentinamunicipal.com.ar\/argentina\/el-salado-sufre-la-falta-de-lluvias-y-en-santo-tome-el-rio-bajo-casi-tres-metros-en-50-dias\/","title":{"rendered":"El Salado sufre la falta de lluvias y en Santo Tom\u00e9 el r\u00edo baj\u00f3 casi tres metros en 50 d\u00edas"},"content":{"rendered":"<p>A la altura de la vecina ciudad, el r\u00edo dej\u00f3 una marca este martes de 0,91 metros. Se trata de una cuenca estrat\u00e9gica para el desarrollo productivo del centro y noroeste de Santa Fe, donde ya se padecen severas consecuencias.<\/p>\n<p>El nivel de aguas del r\u00edo Salado sufri\u00f3 un fuerte descenso en los \u00faltimos dos meses, padece la falta de precipitaciones y la persistente bajante del r\u00edo Paran\u00e1.<\/p>\n<p>A la vera del Puente Carretero que conecta Santa Fe con Santo Tom\u00e9 y sobre la costanera de la vecina ciudad, se observa c\u00f3mo qued\u00f3 al descubierto parte de la malla protectora que forma la defensa frente a las crecidas.<br \/>\nLentamente, condicionado por la situaci\u00f3n del Paran\u00e1 y por la falta de lluvias, los pilares del puente van quedando al desnudo; comienzan a asomar algunos bancos sobre la superficie y otros sectores que directamente no tienen m\u00e1s agua.<\/p>\n<p>El escenario es m\u00e1s notorio y se puede visualizar de forma m\u00e1s clara\u00a0en los puentes y aliviadores que se encuentran sobre la ruta 70. En esa zona, se observa c\u00f3mo el r\u00edo se va haciendo m\u00e1s angosto d\u00eda tras d\u00eda.<\/p>\n<p>Es que la\u00a0cuenca del\u00a0r\u00edo Salado\u00a0es estrat\u00e9gica en el centro y el noroeste de Santa Fe. En ese sentido, y como lo adelant\u00f3 UNO Santa Fe,\u00a0productores ganaderos del norte padecen severas consecuencias y ruegan porque Santiago del Estero garantice\u00a0el paso de agua acordado y que no cierre por completo sus compuertas.<\/p>\n<p>Los registros hidrom\u00e9tricos muestran que el nivel del Salado descendi\u00f3 en Santo Tom\u00e9 2,74 metros en apenas 52 d\u00edas. Este martes se registr\u00f3 una altura de 0,91 metros, contra 3,35 metros que se anotaron en el 19 de noviembre.<\/p>\n<p><strong>Situaci\u00f3n del Paran\u00e1<\/strong><br \/>\nEl Paran\u00e1 contin\u00faa descendiendo en el puerto local. Este martes, prefectura midi\u00f3 una altura de 0,65 metros; un metro menos de lo se anotaron el 1 de enero, cuando dej\u00f3 una marca de 1,65 metros.<\/p>\n<p>En su nuevo informe de posibles escenarios hidrol\u00f3gicos, el Instituto Nacional del Agua, se\u00f1ala que\u00a0\u00abla bajante del r\u00edo Paran\u00e1, de caracter\u00edsticas extraordinarias por su magnitud y persistencia, comenz\u00f3 a retornar a condiciones normales, las que no podr\u00edan sostenerse en el trimestre de inter\u00e9s, dada la perspectiva clim\u00e1tica.\u00a0Aun as\u00ed, se considera baja la probabilidad de retornar a los niveles cr\u00edticamente bajos observados desde marzo de 2020\u00bb<\/p>\n<p>En cuando al clima, public\u00f3 que \u00abtanto para el litoral argentino como para las cuencas de los grandes r\u00edos de la cuenca del Plata se espera un trimestre con condiciones levemente deficitarias o normales\u00bb<\/p>\n<p>Por otro lado, anticipa que \u00abla mayor\u00eda de los modelos indican que persistan condiciones de La Ni\u00f1a durante el trimestre Enero, Febrero y Marzo, probablemente ya en declinaci\u00f3n.<\/p>\n<p>Con respecto a las tendencias; el INA indica que continuar\u00e1 bajando para ubicarse en 0,46 metros a mediados de enero. Luego, podr\u00eda recuperarse y alcanzar los 0,70 metros a finales de este mes.<\/p>\n<h6>Fuente: Uno<\/h6>\n","protected":false},"excerpt":{"rendered":"<p>A la altura de la vecina ciudad, el r\u00edo dej\u00f3 una marca este martes de 0,91 metros. Se trata de una cuenca estrat\u00e9gica para el desarrollo productivo del centro y noroeste de Santa Fe, donde ya se padecen severas consecuencias.<\/p>\n","protected":false},"author":2,"featured_media":132965,"comment_status":"closed","ping_status":"closed","sticky":false,"template":"","format":"standard","meta":{"footnotes":""},"categories":[2],"tags":[10],"class_list":["post-132964","post","type-post","status-publish","format-standard","has-post-thumbnail","hentry","category-informe-municipal","tag-santa-fe"],"_links":{"self":[{"href":"http:\/\/argentinamunicipal.com.ar\/argentina\/wp-json\/wp\/v2\/posts\/132964","targetHints":{"allow":["GET"]}}],"collection":[{"href":"http:\/\/argentinamunicipal.com.ar\/argentina\/wp-json\/wp\/v2\/posts"}],"about":[{"href":"http:\/\/argentinamunicipal.com.ar\/argentina\/wp-json\/wp\/v2\/types\/post"}],"author":[{"embeddable":true,"href":"http:\/\/argentinamunicipal.com.ar\/argentina\/wp-json\/wp\/v2\/users\/2"}],"replies":[{"embeddable":true,"href":"http:\/\/argentinamunicipal.com.ar\/argentina\/wp-json\/wp\/v2\/comments?post=132964"}],"version-history":[{"count":0,"href":"http:\/\/argentinamunicipal.com.ar\/argentina\/wp-json\/wp\/v2\/posts\/132964\/revisions"}],"wp:featuredmedia":[{"embeddable":true,"href":"http:\/\/argentinamunicipal.com.ar\/argentina\/wp-json\/wp\/v2\/media\/132965"}],"wp:attachment":[{"href":"http:\/\/argentinamunicipal.com.ar\/argentina\/wp-json\/wp\/v2\/media?parent=132964"}],"wp:term":[{"taxonomy":"category","embeddable":true,"href":"http:\/\/argentinamunicipal.com.ar\/argentina\/wp-json\/wp\/v2\/categories?post=132964"},{"taxonomy":"post_tag","embeddable":true,"href":"http:\/\/argentinamunicipal.com.ar\/argentina\/wp-json\/wp\/v2\/tags?post=132964"}],"curies":[{"name":"wp","href":"https:\/\/api.w.org\/{rel}","templated":true}]}}