{"id":132967,"date":"2023-01-11T05:32:23","date_gmt":"2023-01-11T08:32:23","guid":{"rendered":"http:\/\/argentinamunicipal.com.ar\/argentina\/?p=132967"},"modified":"2023-01-10T18:34:47","modified_gmt":"2023-01-10T21:34:47","slug":"transporte-santafesino-llegaron-subsidios-nacionales-y-piden-firmar-un-convenio-que-haga-previsible-al-sistema","status":"publish","type":"post","link":"http:\/\/argentinamunicipal.com.ar\/argentina\/transporte-santafesino-llegaron-subsidios-nacionales-y-piden-firmar-un-convenio-que-haga-previsible-al-sistema\/","title":{"rendered":"Transporte santafesino: llegaron subsidios nacionales y piden firmar un convenio que haga \u00abprevisible\u00bb al sistema"},"content":{"rendered":"<p>El secretario de Transporte de Santa Fe, Osvaldo Miatello, plante\u00f3 que \u00abel desaf\u00edo para este a\u00f1o es establecer un acuerdo con Naci\u00f3n para darle previsibilidad al sistema\u00bb<\/p>\n<p>Los choferes, empresarios y tambi\u00e9n los usuarios del transporte p\u00fablico respiran aliviados\u00a0porque todo parece indicar que, al menos en el arranque de este 2023, no se vislumbra una situaci\u00f3n de conflicto. Es que finalmente\u00a0llegaron los recursos nacionales correspondientes a diciembre para garantizar el funcionamiento de los colectivos\u00a0en Santa Fe y los empleados del rubro pudieron cobrar sus sueldos en tiempo y forma. El secretario de Transporte de la provincia, Osvaldo Miatello, dijo que \u201cel pr\u00f3ximo desaf\u00edo es firmar un convenio anual para 2023\u201d.<br \/>\nEn declaraciones al programa\u00a0\u201cEl primero de la ma\u00f1ana\u201d\u00a0de\u00a0LT8, el funcionario se\u00f1al\u00f3 que \u201cel gobierno provincial hab\u00eda adelantado lo que le correspond\u00eda al mes de enero. Eso sucedi\u00f3 el cuarto d\u00eda h\u00e1bil para que se pudieran pagar los sueldos. Est\u00e1bamos esperando lo de Naci\u00f3n que deb\u00eda llegar en diciembre, y efectivamente ayer llegaron los recursos. Entonces se efectiviz\u00f3 la transferencia a las empresas para que completaran el pago de sueldos y hacer las operaciones necesarias para que funcione el sistema\u201d.<\/p>\n<p>Miatello remarc\u00f3 que \u201cde aqu\u00ed en adelante hay otro desaf\u00edo, porque ya se cumpli\u00f3 el convenio que Naci\u00f3n hab\u00eda firmado con Provincia en 2022. Estos fondos que llegaron ayer eran del a\u00f1o pasado, y ahora hay que empezar la discusi\u00f3n para 2023. La buena noticia es que la tendremos sobre una base mejor que la del a\u00f1o pasado\u201d.<\/p>\n<p>Miatello record\u00f3 que\u00a0en 2022 \u201cno hab\u00eda Presupuesto nacional porque la oposici\u00f3n lo hab\u00eda rechazado en el Congreso. De esa manera hubo que establecer convenios trimestrales o bimestrales, y eso fue un problema porque quitaba previsibilidad. No se sab\u00eda cu\u00e1ndo iban a llegar los fondos\u201d.<\/p>\n<p>\u201cEspero que este a\u00f1o, que ya tenemos Presupuesto aprobados tanto en Naci\u00f3n con en Provincia, podamos tener un convenio anual con el Ejecutivo Nacional\u00a0de manera que tengamos cierta previsibilidad para los actores del sistema\u201d, plante\u00f3 el titular del \u00e1rea Transporte.<\/p>\n<p>Miatello se\u00f1al\u00f3 que \u201cpara las empresas, invertir en la compra de una unidad nueva es imposible sin acceder a un cr\u00e9dito. Y para eso, sin tener previsibilidad de ingresos, es complicado. Espero que este a\u00f1o firmemos lo m\u00e1s r\u00e1pido posible el convenio con Naci\u00f3n y que todo este proceso de env\u00edo de subsidios sea m\u00e1s \u00e1gil para saber a qu\u00e9 atenernos\u201d.<\/p>\n<h6>Fuente: La Capital<\/h6>\n","protected":false},"excerpt":{"rendered":"<p>El secretario de Transporte de Santa Fe, Osvaldo Miatello, plante\u00f3 que \u00abel desaf\u00edo para este a\u00f1o es establecer un acuerdo con Naci\u00f3n para darle previsibilidad al sistema\u00bb<\/p>\n","protected":false},"author":2,"featured_media":132968,"comment_status":"closed","ping_status":"closed","sticky":false,"template":"","format":"standard","meta":{"footnotes":""},"categories":[2],"tags":[10],"class_list":["post-132967","post","type-post","status-publish","format-standard","has-post-thumbnail","hentry","category-informe-municipal","tag-santa-fe"],"_links":{"self":[{"href":"http:\/\/argentinamunicipal.com.ar\/argentina\/wp-json\/wp\/v2\/posts\/132967","targetHints":{"allow":["GET"]}}],"collection":[{"href":"http:\/\/argentinamunicipal.com.ar\/argentina\/wp-json\/wp\/v2\/posts"}],"about":[{"href":"http:\/\/argentinamunicipal.com.ar\/argentina\/wp-json\/wp\/v2\/types\/post"}],"author":[{"embeddable":true,"href":"http:\/\/argentinamunicipal.com.ar\/argentina\/wp-json\/wp\/v2\/users\/2"}],"replies":[{"embeddable":true,"href":"http:\/\/argentinamunicipal.com.ar\/argentina\/wp-json\/wp\/v2\/comments?post=132967"}],"version-history":[{"count":0,"href":"http:\/\/argentinamunicipal.com.ar\/argentina\/wp-json\/wp\/v2\/posts\/132967\/revisions"}],"wp:featuredmedia":[{"embeddable":true,"href":"http:\/\/argentinamunicipal.com.ar\/argentina\/wp-json\/wp\/v2\/media\/132968"}],"wp:attachment":[{"href":"http:\/\/argentinamunicipal.com.ar\/argentina\/wp-json\/wp\/v2\/media?parent=132967"}],"wp:term":[{"taxonomy":"category","embeddable":true,"href":"http:\/\/argentinamunicipal.com.ar\/argentina\/wp-json\/wp\/v2\/categories?post=132967"},{"taxonomy":"post_tag","embeddable":true,"href":"http:\/\/argentinamunicipal.com.ar\/argentina\/wp-json\/wp\/v2\/tags?post=132967"}],"curies":[{"name":"wp","href":"https:\/\/api.w.org\/{rel}","templated":true}]}}