{"id":132994,"date":"2023-01-12T05:50:37","date_gmt":"2023-01-12T08:50:37","guid":{"rendered":"http:\/\/argentinamunicipal.com.ar\/argentina\/?p=132994"},"modified":"2023-01-11T19:53:13","modified_gmt":"2023-01-11T22:53:13","slug":"un-ano-clave-para-los-empleados-municipales-en-cipolletti","status":"publish","type":"post","link":"http:\/\/argentinamunicipal.com.ar\/argentina\/un-ano-clave-para-los-empleados-municipales-en-cipolletti\/","title":{"rendered":"Un a\u00f1o clave para los empleados municipales en Cipolletti"},"content":{"rendered":"<p>Patricia Fern\u00e1ndez, secretaria de Gobierno de la ciudad, destac\u00f3 que hay m\u00e1s de 300 contratados que est\u00e1n en condiciones de rendir su pase a planta permanente.<\/p>\n<p>Patricia Fern\u00e1ndez, secretaria de Gobierno de la ciudad, destac\u00f3 que hay m\u00e1s de 300 contratados que est\u00e1n en condiciones de rendir su pase a planta permanente. \u201cVa a ser un a\u00f1o de mucho di\u00e1logo y trabajo con lo gremios. El a\u00f1o pasado ya se prepar\u00f3 con la Junta de Clasificaci\u00f3n el listado definitivo de los empleados para el pase a planta.\u201d<\/p>\n<p>Fern\u00e1ndez inform\u00f3 que fueron seleccionados todos aquellos que tienen m\u00e1s de 7 a\u00f1os de trabajo y de contratados en el Municipio. Cumpliendo con los requisitos que se solicitan. \u201cEs muy importante con respecto a la estabilidad de los trabajadores\u201d, resalt\u00f3.<\/p>\n<p>Durante el 2021, \u00a0200 agentes pasaron a planta, mejorando su estabilidad y condiciones laborales. Un avance del Gobierno de la ciudad, en el proceso de estabilidad laboral para el personal en cumplimiento del estatuto municipal.<\/p>\n<p>Por otro lado, durante el 2022, el Programa Facilitadores, dict\u00f3 capacitaciones para los trabajadores municipales que van a rendir el examen, en las instalaciones del Complejo Cultural Cipolletti, d\u00f3nde se abarcaron las siguientes tem\u00e1ticas:<\/p>\n<p>Ley Nacional 27499 (Ley Micaela)<br \/>\nOrdenanza de Fondo 384-19 (Estatuto Empleo P\u00fablico Municipal)<br \/>\nOrdenanza de Fondo 400-20 (Adhesi\u00f3n Ley Micaela)<br \/>\nOrdenanza de Fondo 473-22 (Ord. Org\u00e1nica Poder Ejecutivo Municipal \u00a0(Organigrama)<br \/>\nOrdenanza de Fondo 427-21 (Protocolo base p-casos de violencia de g\u00e9nero en el trabajo)<br \/>\nCarta Org\u00e1nica Municipal<\/p>\n<h6>Fuente: cipollettidigital.com.ar<\/h6>\n","protected":false},"excerpt":{"rendered":"<p>Patricia Fern\u00e1ndez, secretaria de Gobierno de la ciudad, destac\u00f3 que hay m\u00e1s de 300 contratados que est\u00e1n en condiciones de rendir su pase a planta permanente.<\/p>\n","protected":false},"author":2,"featured_media":132995,"comment_status":"closed","ping_status":"closed","sticky":false,"template":"","format":"standard","meta":{"footnotes":""},"categories":[7],"tags":[11],"class_list":["post-132994","post","type-post","status-publish","format-standard","has-post-thumbnail","hentry","category-informe-sindical","tag-rio-negro"],"_links":{"self":[{"href":"http:\/\/argentinamunicipal.com.ar\/argentina\/wp-json\/wp\/v2\/posts\/132994","targetHints":{"allow":["GET"]}}],"collection":[{"href":"http:\/\/argentinamunicipal.com.ar\/argentina\/wp-json\/wp\/v2\/posts"}],"about":[{"href":"http:\/\/argentinamunicipal.com.ar\/argentina\/wp-json\/wp\/v2\/types\/post"}],"author":[{"embeddable":true,"href":"http:\/\/argentinamunicipal.com.ar\/argentina\/wp-json\/wp\/v2\/users\/2"}],"replies":[{"embeddable":true,"href":"http:\/\/argentinamunicipal.com.ar\/argentina\/wp-json\/wp\/v2\/comments?post=132994"}],"version-history":[{"count":0,"href":"http:\/\/argentinamunicipal.com.ar\/argentina\/wp-json\/wp\/v2\/posts\/132994\/revisions"}],"wp:featuredmedia":[{"embeddable":true,"href":"http:\/\/argentinamunicipal.com.ar\/argentina\/wp-json\/wp\/v2\/media\/132995"}],"wp:attachment":[{"href":"http:\/\/argentinamunicipal.com.ar\/argentina\/wp-json\/wp\/v2\/media?parent=132994"}],"wp:term":[{"taxonomy":"category","embeddable":true,"href":"http:\/\/argentinamunicipal.com.ar\/argentina\/wp-json\/wp\/v2\/categories?post=132994"},{"taxonomy":"post_tag","embeddable":true,"href":"http:\/\/argentinamunicipal.com.ar\/argentina\/wp-json\/wp\/v2\/tags?post=132994"}],"curies":[{"name":"wp","href":"https:\/\/api.w.org\/{rel}","templated":true}]}}