{"id":133,"date":"2014-02-01T10:37:57","date_gmt":"2014-02-01T13:37:57","guid":{"rendered":"http:\/\/municipales.org.ar\/argentina\/?p=133"},"modified":"2014-02-08T18:49:38","modified_gmt":"2014-02-08T21:49:38","slug":"los-concejales-de-baigorria-donan-parte-de-la-dieta-para-ayudar-a-los-bomberos","status":"publish","type":"post","link":"http:\/\/argentinamunicipal.com.ar\/argentina\/los-concejales-de-baigorria-donan-parte-de-la-dieta-para-ayudar-a-los-bomberos\/","title":{"rendered":"Los concejales de Baigorria donan parte de la dieta para ayudar a los bomberos"},"content":{"rendered":"<p>&nbsp;<\/p>\n<p>Los concejales del Frente Para la Victoria (FPV), Mario Rosales, Rub\u00e9n Braga, Mar\u00eda Rosa Tinnirello y Ra\u00fal Zavattero aprobaron, con la adhesi\u00f3n del edil Favio Maurelli y durante una sesi\u00f3n extraordinaria realizada el mi\u00e9rcoles \u00faltimo, una resoluci\u00f3n por la cual \u00abdonan el cincuenta por ciento de las dietas correspondientes a enero, febrero y marzo de 2014 a la Asociaci\u00f3n Bomberos Voluntarios de Baigorria para ser destinadas a la compra de un veh\u00edculo y elementos necesarios para el adecuado desarrollo de sus tareas\u00bb.<\/p>\n<div id=\"attachment_134\" style=\"width: 445px\" class=\"wp-caption alignleft\"><a href=\"http:\/\/argentinamunicipal.com.ar\/argentina\/wp-content\/uploads\/2014\/02\/region2.jpg_88717827.jpg\"><img loading=\"lazy\" decoding=\"async\" aria-describedby=\"caption-attachment-134\" class=\" wp-image-134 \" alt=\"&quot;La actitud est\u00e1 en l\u00ednea con el desarrollo colectivo&quot;, dijeron los ediles.\" src=\"http:\/\/argentinamunicipal.com.ar\/argentina\/wp-content\/uploads\/2014\/02\/region2.jpg_88717827.jpg\" width=\"435\" height=\"326\" srcset=\"http:\/\/argentinamunicipal.com.ar\/argentina\/wp-content\/uploads\/2014\/02\/region2.jpg_88717827.jpg 621w, http:\/\/argentinamunicipal.com.ar\/argentina\/wp-content\/uploads\/2014\/02\/region2.jpg_88717827-300x224.jpg 300w\" sizes=\"auto, (max-width: 435px) 100vw, 435px\" \/><\/a><p id=\"caption-attachment-134\" class=\"wp-caption-text\">\u00abLa actitud est\u00e1 en l\u00ednea con el desarrollo colectivo\u00bb, dijeron los ediles.<\/p><\/div>\n<p>\u00abQueremos que Baigorria tenga su cuerpo de bomberos, y esta medida es un gran esfuerzo pol\u00edtico y personal para demostrar con gestos claros nuestro compromiso con la ciudad\u00bb, se\u00f1al\u00f3 el concejal Braga. La resoluci\u00f3n alcanza a concejales, asistentes, secretario y pro secretario. La medida cont\u00f3 con la adhesi\u00f3n de Maurelli, del mismo bloque, pero ausente por vacaciones. \u00abNos comunicamos con \u00e9l telef\u00f3nicamente e inmediatamente adhiri\u00f3 a la propuesta\u00bb, dijo su par, Rosales.<\/p>\n<p>Una ausencia. Mientras que la situaci\u00f3n del concejal Guillermo Da Ponte, del socialismo, fue distinta porque no fue a votar la iniciativa . Al respecto, el edil Braga coment\u00f3 que \u00abse le avis\u00f3 a Da Ponte el martes verbalmente y el mi\u00e9rcoles a trav\u00e9s de una nota\u00bb, y agreg\u00f3: \u00abse comunic\u00f3 telef\u00f3nicamente para avisar que no estar\u00eda presente porque se sent\u00eda mal\u00bb, indic\u00f3 Braga quien agreg\u00f3 que \u00abllama la atenci\u00f3n su ausencia porque es un tema caro a los sentimientos de la ciudad el tener el cuartel de bomberos y que requiere del esfuerzo de todos\u00bb.<\/p>\n<p>\u00abEsta es una medida muy importante, da un mensaje claro a la sociedad. Somos concejales comprometidos con el crecimiento de la ciudad. No como en otras \u00e9pocas en las que el Concejo era un lugar donde se pon\u00edan trabas al crecimiento de la ciudad y era una m\u00e1quina de impedir proyectos e iniciativas\u00bb, explic\u00f3 Zavattero.<\/p>\n<p>En esta l\u00ednea se sum\u00f3 la concejala Tinnirello, quien afirm\u00f3 que \u00abes de vital importancia la colaboraci\u00f3n planteada para apoyar la iniciativa que por a\u00f1os reclama nuestra ciudad, y es que pueda contar con un cuerpo de bomberos voluntarios propio, tema que se est\u00e1 formando en la actualidad con la gesti\u00f3n incluso de la correspondiente personer\u00eda jur\u00eddica y la infraestructura necesaria para lograr tal fin\u00bb.<\/p>\n<p>Asimismo, el edil Braga destac\u00f3 que \u00abhacemos un gran esfuerzo personal y pol\u00edtico para la creaci\u00f3n de \u00e9ste cuerpo de bomberos. Antes el Concejo era un lugar donde se cocinaban s\u00f3lo intereses individuales y hoy debemos apoyar estas iniciativas que conforman gestos y actitudes en l\u00ednea con el crecimiento de la ciudad y el desarrollo colectivo de todo Granadero Baigorria\u00bb, consider\u00f3.<\/p>\n<p>Equipamientos. El futuro cuerpo de la Asociaci\u00f3n Bomberos Voluntarios est\u00e1 en proceso de creaci\u00f3n. Hace unos tres meses, a trav\u00e9s de la gesti\u00f3n municipal, se comenz\u00f3 a capacitar a unos diecis\u00e9is aspirantes, con la coordinaci\u00f3n de la Agencia Nacional de Aviaci\u00f3n Civil (Anac). \u00abLa idea es vincular, gracias al acompa\u00f1amiento del Anac y sus coordinadores, a los aspirantes con la capacitaci\u00f3n correspondiente. Luego, ellos deber\u00e1n ser capacitados por la Federaci\u00f3n de Bomberos para ser oficializados\u00bb, explic\u00f3 Braga.<\/p>\n<p>Recientemente, el intendente interino, Adri\u00e1n Maglia, visit\u00f3 en el Centro de la Juventud los equipos Sepac Aviaci\u00f3n 120 que compr\u00f3 el municipio para el cuerpo de bomberos en formaci\u00f3n. Los mismos ser\u00e1n utilizados tambi\u00e9n para el desarrollo del helipuerto que el municipio se apresta a finalizar en la brevedad y que se construye en el predio del Hogar Escuela\u00bb.<\/p>\n<pre>Fuente: La Capital<\/pre>\n","protected":false},"excerpt":{"rendered":"<p>&nbsp; Los concejales del Frente Para la Victoria (FPV), Mario Rosales, Rub\u00e9n Braga, Mar\u00eda Rosa Tinnirello y Ra\u00fal Zavattero aprobaron, con la adhesi\u00f3n del edil Favio Maurelli y durante una sesi\u00f3n extraordinaria realizada el mi\u00e9rcoles \u00faltimo, una resoluci\u00f3n por la cual \u00abdonan el cincuenta por ciento de las dietas correspondientes a enero, febrero y marzo<\/p>\n","protected":false},"author":1,"featured_media":134,"comment_status":"closed","ping_status":"closed","sticky":false,"template":"","format":"standard","meta":{"footnotes":""},"categories":[2],"tags":[10],"class_list":["post-133","post","type-post","status-publish","format-standard","has-post-thumbnail","hentry","category-informe-municipal","tag-santa-fe"],"_links":{"self":[{"href":"http:\/\/argentinamunicipal.com.ar\/argentina\/wp-json\/wp\/v2\/posts\/133","targetHints":{"allow":["GET"]}}],"collection":[{"href":"http:\/\/argentinamunicipal.com.ar\/argentina\/wp-json\/wp\/v2\/posts"}],"about":[{"href":"http:\/\/argentinamunicipal.com.ar\/argentina\/wp-json\/wp\/v2\/types\/post"}],"author":[{"embeddable":true,"href":"http:\/\/argentinamunicipal.com.ar\/argentina\/wp-json\/wp\/v2\/users\/1"}],"replies":[{"embeddable":true,"href":"http:\/\/argentinamunicipal.com.ar\/argentina\/wp-json\/wp\/v2\/comments?post=133"}],"version-history":[{"count":0,"href":"http:\/\/argentinamunicipal.com.ar\/argentina\/wp-json\/wp\/v2\/posts\/133\/revisions"}],"wp:featuredmedia":[{"embeddable":true,"href":"http:\/\/argentinamunicipal.com.ar\/argentina\/wp-json\/wp\/v2\/media\/134"}],"wp:attachment":[{"href":"http:\/\/argentinamunicipal.com.ar\/argentina\/wp-json\/wp\/v2\/media?parent=133"}],"wp:term":[{"taxonomy":"category","embeddable":true,"href":"http:\/\/argentinamunicipal.com.ar\/argentina\/wp-json\/wp\/v2\/categories?post=133"},{"taxonomy":"post_tag","embeddable":true,"href":"http:\/\/argentinamunicipal.com.ar\/argentina\/wp-json\/wp\/v2\/tags?post=133"}],"curies":[{"name":"wp","href":"https:\/\/api.w.org\/{rel}","templated":true}]}}