{"id":133024,"date":"2023-01-12T04:38:28","date_gmt":"2023-01-12T07:38:28","guid":{"rendered":"http:\/\/argentinamunicipal.com.ar\/argentina\/?p=133024"},"modified":"2023-01-11T20:40:15","modified_gmt":"2023-01-11T23:40:15","slug":"rosario-un-limbo-legal-genera-un-gran-derroche-de-energia-en-plena-ola-de-calor","status":"publish","type":"post","link":"http:\/\/argentinamunicipal.com.ar\/argentina\/rosario-un-limbo-legal-genera-un-gran-derroche-de-energia-en-plena-ola-de-calor\/","title":{"rendered":"Rosario: Un limbo legal genera un gran derroche de energ\u00eda en plena ola de calor"},"content":{"rendered":"<p>Dos normas contrapuestas derivan en la falta de control del uso responsable de aires acondicionados. En la peatonal la mayor\u00eda de los comercios los usa a pleno y con las puertas abiertas<\/p>\n<p>El term\u00f3metro super\u00f3 los 38 grados este martes y los rosarinos surfean la ola de calor como pueden. Est\u00e1n quienes caminan con botellitas de agua, quienes buscan la sombra y tambi\u00e9n quienes se detienen para aprovechar el fr\u00edo que sale de los locales con aire acondicionado.\u00a0Pese a las recomendaciones de la Empresa Provincial de la Energ\u00eda (EPE), en el centro rosarino la mayor\u00eda de los negocios no s\u00f3lo no tienen los aires acondicionados por encima de 24 grados sino que tambi\u00e9n permanecen con las puertas abiertas. Mientras tanto, dos normas, una municipal y otra nacional, colisionan y generan que nadie controle el uso racional de la energ\u00eda<\/p>\n<p>El poco respeto a los pedidos de la EPE se nota con s\u00f3lo recorrer algunas cuadras de las peatonales. En C\u00f3rdoba entre Maip\u00fa y Entre R\u00edos La Capital cont\u00f3, este martes a media ma\u00f1ana, por lo menos 35 locales, de diversos rubros, que no contaban con un sistema de cierre autom\u00e1tico de puertas y despilfarraban la energ\u00eda el\u00e9ctrica por las p\u00e9rdidas al exterior.\u00a0Algunos otros, los menos, ten\u00edan las puertas cerradas o recurr\u00edan a los siempre \u00fatiles ventiladores.<\/p>\n<p>S\u00f3lo hay que caminar con la mirada atenta. Son las doce del mediod\u00eda de uno de los d\u00edas de m\u00e1s calor de la temporada y en la cuadra entre Maip\u00fa y San Mart\u00edn una panader\u00eda tiene las puertas abiertas de par en par y el aire acondicionado en 18 grados. Dentro del comercio, algunos clientes disfrutan del fresco mientras almuerzan. El escenario se repite unos metros m\u00e1s adelante en un local de juegos y entretenimientos infantiles, esta vez con el aire en 20 y sin clientes a la vista.<\/p>\n<p>En apenas cuatro cuadras de la peatonal se pueden contar varios locales de ropa, zapater\u00edas, golosiner\u00edas, librer\u00edas, farmacias, perfumer\u00edas, casas de electrodom\u00e9sticos y venta de accesorios para celulares que se manejan de la misma forma.\u00a0Con aires m\u00e1s chicos, industriales o centralizados, ninguno cierra sus puertas y buscan tentar a los transe\u00fantes con el alivio del fresco moment\u00e1neo.<\/p>\n<p><strong>Por qu\u00e9 24 grados<\/strong><br \/>\nDesde que comenz\u00f3 la temporada, y m\u00e1s a\u00fan esta semana de altas temperaturas, la EPE insiste con la necesidad de hacer un uso responsable de la energ\u00eda. En el caso de los acondicionadores de aire, ya sea de uso dom\u00e9stico o comercial, se pide mantenerlos por encima de los 24 grados.<\/p>\n<p>Seg\u00fan explican desde la compa\u00f1\u00eda de distribuci\u00f3n de electricidad,\u00a0por cada grado por debajo de los 24 un equipo consume entre un 5% y un 10% m\u00e1s, lo cual genera problemas de saturaci\u00f3n del sistema en toda la ciudad.<\/p>\n<p>Tambi\u00e9n piden mantener cerradas las aberturas de los ambientes acondicionados y apelan a la responsabilidad individual para lograr un mejor resultado colectivo y llaman a reducir los consumos ociosos de electricidad.<\/p>\n<p><strong>La ordenanza que no se cumple<\/strong><br \/>\nEn Rosario existe desde 2015 una ordenanza que no solo apela al uso responsable de la energ\u00eda el\u00e9ctrica, sobre todo en jornadas agobiantes, sino que obliga a los locales comerciales con acceso desde la calle a contar con un sistema de cierre autom\u00e1tico de puertas, con el fin de impedir que estas permanezcan abiertas permanentemente con el consiguiente despilfarro energ\u00e9tico por las p\u00e9rdidas de energ\u00eda al exterior. Siempre y cuando se requiera consumo de energ\u00eda convencional para la generaci\u00f3n de calor y fr\u00edo por parte de los sistemas de calefacci\u00f3n y refrigeraci\u00f3n. Adem\u00e1s,\u00a0prev\u00e9 multas por metro cuadrado y en caso de reincidencia, los inmuebles podr\u00edan ser clausurados hasta por 90 d\u00edas.<\/p>\n<p>Desde la EPE recordaron que el municipio es el encargado de controlar el cumplimiento de esa normativa.\u00a0La\u00a0Secretar\u00eda de Control y Convivencia es el organismo que debe encabezar las intervenciones y detectar casos irregulares.<\/p>\n<p>Hasta antes de la pandemia realizaban operativos en distintos puntos de la ciudad y la cifra de infractores ven\u00eda disminuyendo en cada temporada. Sin embargo, este a\u00f1o no pudieron realizar ninguno.\u00a0Es que la ordenanza N\u00ba 9.375 entra en contradicci\u00f3n con los protocolos de la \u00e9poca m\u00e1s estricta de la pandemia que obliga a los locales a permanecer con las puertas abiertas para garantizar la ventilaci\u00f3n.<\/p>\n<p>Por este motivo, hasta que no se actualice la normativa, el municipio no puede realizar las tareas de fiscalizaci\u00f3n correspondientes.\u00a0Mientras tanto, cada vez son m\u00e1s los que se aprovechan de este gris y derrochan energ\u00eda el\u00e9ctrica.<\/p>\n<h6>Fuente: La Capital<\/h6>\n","protected":false},"excerpt":{"rendered":"<p>Dos normas contrapuestas derivan en la falta de control del uso responsable de aires acondicionados. En la peatonal la mayor\u00eda de los comercios los usa a pleno y con las puertas abiertas<\/p>\n","protected":false},"author":2,"featured_media":133025,"comment_status":"closed","ping_status":"closed","sticky":false,"template":"","format":"standard","meta":{"footnotes":""},"categories":[2],"tags":[10],"class_list":["post-133024","post","type-post","status-publish","format-standard","has-post-thumbnail","hentry","category-informe-municipal","tag-santa-fe"],"_links":{"self":[{"href":"http:\/\/argentinamunicipal.com.ar\/argentina\/wp-json\/wp\/v2\/posts\/133024","targetHints":{"allow":["GET"]}}],"collection":[{"href":"http:\/\/argentinamunicipal.com.ar\/argentina\/wp-json\/wp\/v2\/posts"}],"about":[{"href":"http:\/\/argentinamunicipal.com.ar\/argentina\/wp-json\/wp\/v2\/types\/post"}],"author":[{"embeddable":true,"href":"http:\/\/argentinamunicipal.com.ar\/argentina\/wp-json\/wp\/v2\/users\/2"}],"replies":[{"embeddable":true,"href":"http:\/\/argentinamunicipal.com.ar\/argentina\/wp-json\/wp\/v2\/comments?post=133024"}],"version-history":[{"count":0,"href":"http:\/\/argentinamunicipal.com.ar\/argentina\/wp-json\/wp\/v2\/posts\/133024\/revisions"}],"wp:featuredmedia":[{"embeddable":true,"href":"http:\/\/argentinamunicipal.com.ar\/argentina\/wp-json\/wp\/v2\/media\/133025"}],"wp:attachment":[{"href":"http:\/\/argentinamunicipal.com.ar\/argentina\/wp-json\/wp\/v2\/media?parent=133024"}],"wp:term":[{"taxonomy":"category","embeddable":true,"href":"http:\/\/argentinamunicipal.com.ar\/argentina\/wp-json\/wp\/v2\/categories?post=133024"},{"taxonomy":"post_tag","embeddable":true,"href":"http:\/\/argentinamunicipal.com.ar\/argentina\/wp-json\/wp\/v2\/tags?post=133024"}],"curies":[{"name":"wp","href":"https:\/\/api.w.org\/{rel}","templated":true}]}}