{"id":133033,"date":"2023-01-13T05:06:34","date_gmt":"2023-01-13T08:06:34","guid":{"rendered":"http:\/\/argentinamunicipal.com.ar\/argentina\/?p=133033"},"modified":"2023-01-12T06:09:32","modified_gmt":"2023-01-12T09:09:32","slug":"comerciantes-neuquinos-le-declaran-la-guerra-a-tasas-municipales-hasta-600-mas-caras","status":"publish","type":"post","link":"http:\/\/argentinamunicipal.com.ar\/argentina\/comerciantes-neuquinos-le-declaran-la-guerra-a-tasas-municipales-hasta-600-mas-caras\/","title":{"rendered":"Comerciantes neuquinos le declaran la guerra a tasas municipales hasta 600% m\u00e1s caras"},"content":{"rendered":"<p>La C\u00e1mara de Comercio de la localidad fue la caja de resonancia para el reclamo de los empresarios. Se est\u00e1 gestando una movilizaci\u00f3n.<\/p>\n<p>La C\u00e1mara de Comercio, Industria y Producci\u00f3n de Centenario sali\u00f3 a amplificar las quejas de sus asociados contra una ordenanza de fines del a\u00f1o pasado que les aument\u00f3 la tasa municipal en torno al 600 por ciento. Pusieron a trabajar a sus abogados para hacer una propuesta distinta a la contemplada por el Ejecutivo y el Concejo. A la vez, se est\u00e1 armando una marcha para protestar.<\/p>\n<p>\u00abHay algunos rubros con aumentos del 600 por ciento y otro que lo superan. La ordenanza impositiva justo se aprob\u00f3 a fin de a\u00f1o cuando la ciudadan\u00eda en general estaba pensando m\u00e1s que nada en las fiestas y festejando el Mundial\u00bb, grafic\u00f3 el presidente de la c\u00e1mara, Diego Gallardo, el contexto en el que se impuso la actualizaci\u00f3n impositiva que rige en Centenario.<\/p>\n<p>\u00abLos aumentos ya vinieron en las facturas del Retributivo como en la Tasa de Seguridad, Higiene e Inspecci\u00f3n, que es la bien llamada por los comerciantes &#8216;Tasa de Licencia Comercial&#8217;, que se paga todos los meses, y en las patentes de los autom\u00f3viles. Los aumentos son mayores a la inflaci\u00f3n\u00bb, asegur\u00f3 el dirigente en una entrevista radial.<br \/>\nEl empresario sostuvo que la Licencia Comercial comercial se encareci\u00f3 mucho m\u00e1s que \u00cdndice de Precios al Consumidor.\u00a0Explic\u00f3 que se produjo un incremento del ciento por ciento en la al\u00edcuota que se aplica al mismo tiempo que aumentaba la facturaci\u00f3n, por efecto de la inflaci\u00f3n, sobre la que se aplica esa al\u00edcuota. \u00abEn algunos c\u00e1lculos que nosotros hicimos hay categor\u00edas de facturaci\u00f3n que tienen el 150, el 250 y el 300 por ciento. S\u00f3lo las categor\u00edas m\u00e1s bajas tuvieron incrementos iguales a la inflaci\u00f3n\u00bb, puntualiz\u00f3 Gallardo.<\/p>\n<p>\u00abTodos los a\u00f1os se registran aumentos, pero esta vez fue desbocado. Nunca pudimos sentarnos con los concejales para darles un panorama de la situaci\u00f3n que atraviesan los comerciantes\u00bb, se quej\u00f3 Gallardo y ah\u00ed nom\u00e1s cuestion\u00f3 que los concejales \u00abno hicieron un an\u00e1lisis real de la situaci\u00f3n\u00bb al aprobar la ordenanza impositiva para este a\u00f1o.<\/p>\n<p>\u00abEllos tienen asesores, tienen un equipo de trabajo remunerado, que constantemente debe tener la informaci\u00f3n y que hagan estas cosas que despu\u00e9s generan este conflicto es muy dif\u00edcil de llevar\u00bb, critic\u00f3 el empresario.<\/p>\n<p>Los comerciantes pusieron el grito en el cielo cuando recibieron las boletas de la tasa comercial de enero, las primeras con los montos actualizados seg\u00fan las disposiciones de la ordenanza impositiva de fines del a\u00f1o pasado.<\/p>\n<p>\u00abLos comerciantes quieren que esto se retrotraiga, lo cual considero que va a ser muy dif\u00edcil, pero vamos a tratar de ver si se puede avanzar en un nuevo proyecto o alg\u00fan tipo de exenci\u00f3n o beneficio para los comerciantes que son cumplidores. M\u00e1s que nada lo que podemos hacer es buscar la vuelta\u00bb, dijo el referente de los empresario de Centenario.<\/p>\n<p>Uno de los aumentos m\u00e1s pronunciados se present\u00f3 en la tasa a la carteler\u00eda en ruta, llegando al cuatro mil por ciento, seg\u00fan las estimaciones de la C\u00e1mara de Comercio.\u00a0La entidad considera que el esquema impositivo vigente es un ancla para el crecimiento de la actividad econ\u00f3mica de Centenario.<\/p>\n<p>En el seno de la C\u00e1mara empresaria se est\u00e1 gestando una movilizaci\u00f3n de comerciantes y vecinos hasta la Municipalidad con la intensi\u00f3n de presionar para que se rediscuta el formato impositivo municipal. La movida ser\u00eda la semana que viene, si no se encamina una negociaci\u00f3n con antelaci\u00f3n.<\/p>\n<h6>Fuente: La Ma\u00f1ana Neuqu\u00e9n<\/h6>\n","protected":false},"excerpt":{"rendered":"<p>La C\u00e1mara de Comercio de la localidad fue la caja de resonancia para el reclamo de los empresarios. Se est\u00e1 gestando una movilizaci\u00f3n.<\/p>\n","protected":false},"author":2,"featured_media":133034,"comment_status":"closed","ping_status":"closed","sticky":false,"template":"","format":"standard","meta":{"footnotes":""},"categories":[5],"tags":[23],"class_list":["post-133033","post","type-post","status-publish","format-standard","has-post-thumbnail","hentry","category-informe-economico","tag-neuquen"],"_links":{"self":[{"href":"http:\/\/argentinamunicipal.com.ar\/argentina\/wp-json\/wp\/v2\/posts\/133033","targetHints":{"allow":["GET"]}}],"collection":[{"href":"http:\/\/argentinamunicipal.com.ar\/argentina\/wp-json\/wp\/v2\/posts"}],"about":[{"href":"http:\/\/argentinamunicipal.com.ar\/argentina\/wp-json\/wp\/v2\/types\/post"}],"author":[{"embeddable":true,"href":"http:\/\/argentinamunicipal.com.ar\/argentina\/wp-json\/wp\/v2\/users\/2"}],"replies":[{"embeddable":true,"href":"http:\/\/argentinamunicipal.com.ar\/argentina\/wp-json\/wp\/v2\/comments?post=133033"}],"version-history":[{"count":0,"href":"http:\/\/argentinamunicipal.com.ar\/argentina\/wp-json\/wp\/v2\/posts\/133033\/revisions"}],"wp:featuredmedia":[{"embeddable":true,"href":"http:\/\/argentinamunicipal.com.ar\/argentina\/wp-json\/wp\/v2\/media\/133034"}],"wp:attachment":[{"href":"http:\/\/argentinamunicipal.com.ar\/argentina\/wp-json\/wp\/v2\/media?parent=133033"}],"wp:term":[{"taxonomy":"category","embeddable":true,"href":"http:\/\/argentinamunicipal.com.ar\/argentina\/wp-json\/wp\/v2\/categories?post=133033"},{"taxonomy":"post_tag","embeddable":true,"href":"http:\/\/argentinamunicipal.com.ar\/argentina\/wp-json\/wp\/v2\/tags?post=133033"}],"curies":[{"name":"wp","href":"https:\/\/api.w.org\/{rel}","templated":true}]}}