{"id":133043,"date":"2023-01-13T05:27:03","date_gmt":"2023-01-13T08:27:03","guid":{"rendered":"http:\/\/argentinamunicipal.com.ar\/argentina\/?p=133043"},"modified":"2023-01-12T19:30:17","modified_gmt":"2023-01-12T22:30:17","slug":"salta-serrudo-sigue-sin-respuesta-de-la-intendenta","status":"publish","type":"post","link":"http:\/\/argentinamunicipal.com.ar\/argentina\/salta-serrudo-sigue-sin-respuesta-de-la-intendenta\/","title":{"rendered":"Salta: Serrudo sigue sin respuesta de la intendenta"},"content":{"rendered":"<p>Luego de intensas jornadas de paro general de los municipales de la ciudad, que estuvieron acompa\u00f1adas con asambleas, movilizaciones y ollas populares, como la que se llev\u00f3 a cabo ayer frente al Centro C\u00edvico Municipal, la Uni\u00f3n de Trabajadores Municipales vot\u00f3 encabezar durante la ma\u00f1ana de hoy una marcha desde la sede de Tucum\u00e1n 448 hasta la Plaza 9 de Julio. El motivo es la falta de respuestas e indiferencia del gobierno municipal que cort\u00f3 di\u00e1logo con el gremio y hace o\u00eddos sordos al pedido de los trabajadores: el incremento de los haberes en un 8% y un bono de $100.000.<\/p>\n<p>Frente a la indiferencia del gobierno municipal de Bettina Romero, se recruceden las medidas gremiales de la Uni\u00f3n de Trabajadores Municipales, que luchan por un incremento del 8% de sus haberes y un bono de $100.000, entre orros pedidos vinculados con el pase a planta permanente, el ingreso de los hijos de fallecidos en actividad o jubilados, la situaci\u00f3n de SIMELA, entre tantos. Desde el 26 de diciembre -cuando el ejecutivo municipal cort\u00f3 el di\u00e1logo con los referentes gremiales con quienes se sosten\u00edan las negociaciones para llegar a un acta acuerdo-, hasta hoy, ning\u00fan funcionario levant\u00f3 el tel\u00e9fono para dialogar con la UTM.<\/p>\n<p>Con el paro general como medida principal del gremio, el d\u00eda lunes los trabajadores realizaron una movilizaci\u00f3n en el Centro C\u00edvico Municipal, el martes realizaron asambleas y jornada de concientizaci\u00f3n, mientras que ayer mi\u00e9rcoles llevaron a cabo una multitudinaria olla popular frente a la casa de gobierno municipal.<\/p>\n<p>Hoy, jueves 11 de noviembre los empleados de la comuna marchar\u00e1n a las 9:00 desde su sede, hace unos meses inaugurada en Tucum\u00e1n 448, hasta la Plaza 9 de Julio, sosteniendo su pedido y visibilizando la \u00abinsensibilidad del gobierno municipal\u00bb.<\/p>\n<p>Pedro Serrudo\u00a0asegur\u00f3 a esta redacci\u00f3n que la indiferencia de Bettina Romero\u00a0\u00abes una falta de respeto de ella y los funcionarios hacia los trabajadores y la gente\u201d. \u201cSi a la hora de concretar te borr\u00e1s, es porque nos est\u00e1n tomando el pelo, no ocurre en ning\u00fan lado del mundo que te sent\u00e1s en una mesa a negociar y despu\u00e9s te dejan pagando, nunca nos ocurri\u00f3. Es la primera vez que hay un gobierno tan insensible que le falta el respeto a los compa\u00f1eros y ante esta falta de respeto, nadie te llama\u201d, asever\u00f3.<\/p>\n<p>As\u00ed tambi\u00e9n los trabajadores durante la jornada de ayer compart\u00edan en sus pancartas:\u00a0\u00abSi hay plata para la terciarizada, hay bono para los trabajadores\u00bb; \u00absomos empleados, somos pueblo que sufrimos tus aumentos de impuesto Bettina\u00bb; \u00abno al odio y divisi\u00f3n de los funcionarios del CCM\u00bb.<\/p>\n<p>Desde la UTM, compartieron a esta redacci\u00f3n que recibieron el apoyo de otras entidades sindicales como la CGT 17 de octubre, la CTA Aut\u00f3noma y empleados municipales de otras localidades del interior como Salvador Mazza y General G\u00fcemes;\u00a0 destacando el acompa\u00f1amiento del movimiento obrero.<\/p>\n<h6>Fuente: elexpresodesalta.com.ar<\/h6>\n","protected":false},"excerpt":{"rendered":"<p>Luego de intensas jornadas de paro general de los municipales de la ciudad, que estuvieron acompa\u00f1adas con asambleas, movilizaciones y ollas populares, como la que se llev\u00f3 a cabo ayer frente al Centro C\u00edvico Municipal, la Uni\u00f3n de Trabajadores Municipales vot\u00f3 encabezar durante la ma\u00f1ana de hoy una marcha<\/p>\n","protected":false},"author":2,"featured_media":133044,"comment_status":"closed","ping_status":"closed","sticky":false,"template":"","format":"standard","meta":{"footnotes":""},"categories":[7],"tags":[9],"class_list":["post-133043","post","type-post","status-publish","format-standard","has-post-thumbnail","hentry","category-informe-sindical","tag-salta"],"_links":{"self":[{"href":"http:\/\/argentinamunicipal.com.ar\/argentina\/wp-json\/wp\/v2\/posts\/133043","targetHints":{"allow":["GET"]}}],"collection":[{"href":"http:\/\/argentinamunicipal.com.ar\/argentina\/wp-json\/wp\/v2\/posts"}],"about":[{"href":"http:\/\/argentinamunicipal.com.ar\/argentina\/wp-json\/wp\/v2\/types\/post"}],"author":[{"embeddable":true,"href":"http:\/\/argentinamunicipal.com.ar\/argentina\/wp-json\/wp\/v2\/users\/2"}],"replies":[{"embeddable":true,"href":"http:\/\/argentinamunicipal.com.ar\/argentina\/wp-json\/wp\/v2\/comments?post=133043"}],"version-history":[{"count":0,"href":"http:\/\/argentinamunicipal.com.ar\/argentina\/wp-json\/wp\/v2\/posts\/133043\/revisions"}],"wp:featuredmedia":[{"embeddable":true,"href":"http:\/\/argentinamunicipal.com.ar\/argentina\/wp-json\/wp\/v2\/media\/133044"}],"wp:attachment":[{"href":"http:\/\/argentinamunicipal.com.ar\/argentina\/wp-json\/wp\/v2\/media?parent=133043"}],"wp:term":[{"taxonomy":"category","embeddable":true,"href":"http:\/\/argentinamunicipal.com.ar\/argentina\/wp-json\/wp\/v2\/categories?post=133043"},{"taxonomy":"post_tag","embeddable":true,"href":"http:\/\/argentinamunicipal.com.ar\/argentina\/wp-json\/wp\/v2\/tags?post=133043"}],"curies":[{"name":"wp","href":"https:\/\/api.w.org\/{rel}","templated":true}]}}