{"id":133046,"date":"2023-01-13T05:45:32","date_gmt":"2023-01-13T08:45:32","guid":{"rendered":"http:\/\/argentinamunicipal.com.ar\/argentina\/?p=133046"},"modified":"2023-01-12T19:33:37","modified_gmt":"2023-01-12T22:33:37","slug":"festram-santa-fe-con-los-trabajadores-adentro-y-no-afuera-como-pretendia-macri","status":"publish","type":"post","link":"http:\/\/argentinamunicipal.com.ar\/argentina\/festram-santa-fe-con-los-trabajadores-adentro-y-no-afuera-como-pretendia-macri\/","title":{"rendered":"Festram Santa Fe: \u00abCon los trabajadores adentro y no afuera como pretend\u00eda Macri\u00bb"},"content":{"rendered":"<p>Andrea Paz es la secretaria adjunta de la Festram &#8211; Federaci\u00f3n de Sindicatos de Trabajadores Municipales de la Provincia de Santa Fe &#8211;\u00a0 y dialog\u00f3 con Nacional Santa Fe para analizar el a\u00f1o que comienza en t\u00e9rminos sindicales y pol\u00edticos.<\/p>\n<p>\u00abEl a\u00f1o 2023 ser\u00e1 complejo pero nuestra mirada es amplia para defender los derechos de trabajadores y trabajadoras de la provincia. Defendemos el\u00a0modelo de pa\u00eds de trabajo y producci\u00f3n, la industria nacional, la creaci\u00f3n de empleo, la distribuci\u00f3n de las riquezas, la igualdad de oportunidades. Esto asegura que\u00a0los trabajadores est\u00e9n adentro del modelo y no afuera como se pretendi\u00f3 en la \u00e9poca de Macri\u00bb, explic\u00f3.<\/p>\n<p>Con respecto a la relaci\u00f3n con la provincia asegur\u00f3 \u00abcreemos en las pol\u00edticas de Estado que deben trabajarse en conjunto y no encontramos interlocutores en el gobierno provincial. Hay que entender que debemos encontrar soluciones en cada lugar de la provincia. Necesitamos la voz del trabajador en la toma de decisiones que nos involucran\u00bb.<\/p>\n<p>Como ejemplo del pedido de participaci\u00f3n, Paz afirm\u00f3 \u00abnecesitamos un lugar en el directorio de la obra social de la provincia, IAPOS, porque merecemos saber qu\u00e9 se hace con nuestros recursos\u00bb.<\/p>\n<p>Por \u00faltimo, con respecto al pedido de juicio pol\u00edtico a la Corte Suprema de Justicia de la Naci\u00f3n, la dirigenta de FESTRAM asegur\u00f3 \u00abnos\u00a0preocupa el silencio de nuestro gobernador (Omar Perotti) a la hora de acompa\u00f1ar el pedido de juicio pol\u00edtico a Rossatti\u00a0porque vemos en riesgo la divisi\u00f3n de los poderes. Esta Corte toma medidas para defender a ciertos sectores de grupos concentrados\u00bb, afirm\u00f3. \u00abAcompa\u00f1ar este pedido es una forma de defender los recursos de nuestra provincia, luego nosotros en paritarias discutimos salarios pero\u00a0 si la provincia de Santa Fe no reclama y pretende despu\u00e9s hacer ajustes es lo que nos tiene muy preocupados\u00bb, asegur\u00f3.<\/p>\n<h6>Fuente: radionacional.com.ar<\/h6>\n","protected":false},"excerpt":{"rendered":"<p>Andrea Paz es la secretaria adjunta de la Festram &#8211; Federaci\u00f3n de Sindicatos de Trabajadores Municipales de la Provincia de Santa Fe &#8211;\u00a0 y dialog\u00f3 con Nacional Santa Fe para analizar el a\u00f1o que comienza en t\u00e9rminos sindicales y pol\u00edticos.<\/p>\n","protected":false},"author":2,"featured_media":133047,"comment_status":"closed","ping_status":"closed","sticky":false,"template":"","format":"standard","meta":{"footnotes":""},"categories":[7],"tags":[10],"class_list":["post-133046","post","type-post","status-publish","format-standard","has-post-thumbnail","hentry","category-informe-sindical","tag-santa-fe"],"_links":{"self":[{"href":"http:\/\/argentinamunicipal.com.ar\/argentina\/wp-json\/wp\/v2\/posts\/133046","targetHints":{"allow":["GET"]}}],"collection":[{"href":"http:\/\/argentinamunicipal.com.ar\/argentina\/wp-json\/wp\/v2\/posts"}],"about":[{"href":"http:\/\/argentinamunicipal.com.ar\/argentina\/wp-json\/wp\/v2\/types\/post"}],"author":[{"embeddable":true,"href":"http:\/\/argentinamunicipal.com.ar\/argentina\/wp-json\/wp\/v2\/users\/2"}],"replies":[{"embeddable":true,"href":"http:\/\/argentinamunicipal.com.ar\/argentina\/wp-json\/wp\/v2\/comments?post=133046"}],"version-history":[{"count":0,"href":"http:\/\/argentinamunicipal.com.ar\/argentina\/wp-json\/wp\/v2\/posts\/133046\/revisions"}],"wp:featuredmedia":[{"embeddable":true,"href":"http:\/\/argentinamunicipal.com.ar\/argentina\/wp-json\/wp\/v2\/media\/133047"}],"wp:attachment":[{"href":"http:\/\/argentinamunicipal.com.ar\/argentina\/wp-json\/wp\/v2\/media?parent=133046"}],"wp:term":[{"taxonomy":"category","embeddable":true,"href":"http:\/\/argentinamunicipal.com.ar\/argentina\/wp-json\/wp\/v2\/categories?post=133046"},{"taxonomy":"post_tag","embeddable":true,"href":"http:\/\/argentinamunicipal.com.ar\/argentina\/wp-json\/wp\/v2\/tags?post=133046"}],"curies":[{"name":"wp","href":"https:\/\/api.w.org\/{rel}","templated":true}]}}