{"id":133056,"date":"2023-01-16T05:00:50","date_gmt":"2023-01-16T08:00:50","guid":{"rendered":"http:\/\/argentinamunicipal.com.ar\/argentina\/?p=133056"},"modified":"2023-01-12T20:02:25","modified_gmt":"2023-01-12T23:02:25","slug":"bariloche-el-sistema-esta-colapsado-en-todo-el-pais-advierten-sobre-el-futuro-del-transporte-urbano","status":"publish","type":"post","link":"http:\/\/argentinamunicipal.com.ar\/argentina\/bariloche-el-sistema-esta-colapsado-en-todo-el-pais-advierten-sobre-el-futuro-del-transporte-urbano\/","title":{"rendered":"Bariloche: \u00abEl sistema est\u00e1 colapsado en todo el pa\u00eds\u00bb, advierten sobre el futuro del transporte urbano"},"content":{"rendered":"<p>El gerente operativo de Mi Bus, Rosamel Santana, se\u00f1al\u00f3 que el problema del servicio de transporte urbano no es exclusivo de la ciudad y que se requiere de una soluci\u00f3n conjunta porque \u00abvamos a tener un problema grave todos\u00bb. Tambi\u00e9n se refiri\u00f3 a los reiterados hechos de violencia.<\/p>\n<p>\u00abTenemos una problem\u00e1tica importante por el tema de la circulaci\u00f3n y calles colapsadas que generan innumerables inconvenientes, lo que genera enojos\u00bb,\u00a0explic\u00f3 el gerente de Mi Bus y enfatiz\u00f3 que es un problema del transporte en el pa\u00eds, no algo puntual en la ciudad.<\/p>\n<p>\u00abTenemos que encontrar una soluci\u00f3n entre todos los sectores, vamos a tener un problema grave todos\u00bb, asegur\u00f3.<\/p>\n<p>Ante la consulta precis\u00f3 que en base a subsidios no tenemos nada pendiente, el servicio est\u00e1 subsidiado en base a kilometraje y pasajeros,\u00a0\u00abest\u00e1n muy golpeadas las empresas en el interior\u00bb.\u00a0Explic\u00f3 que \u00abcuando ten\u00e9s dos pasajeros por kil\u00f3metro genera m\u00e1s inconveniente, el sistema a nivel nacional est\u00e1 teniendo un colapso porque\u00a0la Naci\u00f3n no puede sostener los subsidios para que la empresa preste el servicio y la gente no puede pagar m\u00e1s aumentos, hay que dar una vuelta de rosca a eso\u00bb.<\/p>\n<p>En cuanto a los reiterados hechos de violencia\u00a0Santana\u00a0lo atribuy\u00f3\u00a0\u00aba un flagelo de la sociedad\u00bb. Manifest\u00f3 que el tema de la violencia se mantiene vigente, dado que rompen vidrios y apedrean unidades en forma reiterada.\u00a0\u00abNo tiene trascendencia porque tampoco vamos a estar comunicando esto a cada rato\u00bb, expres\u00f3 y aclar\u00f3 que\u00a0\u00abno es que ha mermado, siempre se dan este tipo de casos\u00bb.<\/p>\n<p>Expres\u00f3 que los ataques se dan en distintos lugares, en Los Coihues, los barrios del Sur, el Este,\u00a0\u00abno es una problem\u00e1tica sectorizada\u00bb.\u00a0Plante\u00f3 que muchas veces los choferes acuden a la suspensi\u00f3n de servicios,\u00a0\u00absiempre est\u00e1 vigente, la preocupaci\u00f3n de todos respecto a ese tipo de ataques que son sorpresivos. Es dif\u00edcil tener un control, vas circulando y ves gente al costado del camino siempre, no es previsible qui\u00e9n te va a tirar una piedra\u00bb.<\/p>\n<h6>Fuente: Bariloche2000<\/h6>\n","protected":false},"excerpt":{"rendered":"<p>El gerente operativo de Mi Bus, Rosamel Santana, se\u00f1al\u00f3 que el problema del servicio de transporte urbano no es exclusivo de la ciudad y que se requiere de una soluci\u00f3n conjunta porque \u00abvamos a tener un problema grave todos\u00bb.<\/p>\n","protected":false},"author":2,"featured_media":133057,"comment_status":"closed","ping_status":"closed","sticky":false,"template":"","format":"standard","meta":{"footnotes":""},"categories":[2],"tags":[11],"class_list":["post-133056","post","type-post","status-publish","format-standard","has-post-thumbnail","hentry","category-informe-municipal","tag-rio-negro"],"_links":{"self":[{"href":"http:\/\/argentinamunicipal.com.ar\/argentina\/wp-json\/wp\/v2\/posts\/133056","targetHints":{"allow":["GET"]}}],"collection":[{"href":"http:\/\/argentinamunicipal.com.ar\/argentina\/wp-json\/wp\/v2\/posts"}],"about":[{"href":"http:\/\/argentinamunicipal.com.ar\/argentina\/wp-json\/wp\/v2\/types\/post"}],"author":[{"embeddable":true,"href":"http:\/\/argentinamunicipal.com.ar\/argentina\/wp-json\/wp\/v2\/users\/2"}],"replies":[{"embeddable":true,"href":"http:\/\/argentinamunicipal.com.ar\/argentina\/wp-json\/wp\/v2\/comments?post=133056"}],"version-history":[{"count":0,"href":"http:\/\/argentinamunicipal.com.ar\/argentina\/wp-json\/wp\/v2\/posts\/133056\/revisions"}],"wp:featuredmedia":[{"embeddable":true,"href":"http:\/\/argentinamunicipal.com.ar\/argentina\/wp-json\/wp\/v2\/media\/133057"}],"wp:attachment":[{"href":"http:\/\/argentinamunicipal.com.ar\/argentina\/wp-json\/wp\/v2\/media?parent=133056"}],"wp:term":[{"taxonomy":"category","embeddable":true,"href":"http:\/\/argentinamunicipal.com.ar\/argentina\/wp-json\/wp\/v2\/categories?post=133056"},{"taxonomy":"post_tag","embeddable":true,"href":"http:\/\/argentinamunicipal.com.ar\/argentina\/wp-json\/wp\/v2\/tags?post=133056"}],"curies":[{"name":"wp","href":"https:\/\/api.w.org\/{rel}","templated":true}]}}