{"id":133059,"date":"2023-01-16T05:02:47","date_gmt":"2023-01-16T08:02:47","guid":{"rendered":"http:\/\/argentinamunicipal.com.ar\/argentina\/?p=133059"},"modified":"2023-01-12T20:05:56","modified_gmt":"2023-01-12T23:05:56","slug":"hay-alarma-por-falta-de-cuidado-y-el-deterioro-creciente-del-arbolado-publico-de-mendoza","status":"publish","type":"post","link":"http:\/\/argentinamunicipal.com.ar\/argentina\/hay-alarma-por-falta-de-cuidado-y-el-deterioro-creciente-del-arbolado-publico-de-mendoza\/","title":{"rendered":"Hay alarma por falta de cuidado y el deterioro creciente del arbolado p\u00fablico de Mendoza"},"content":{"rendered":"<p>Desde la Municipalidad de Capital aseguran que la morera que se quebr\u00f3 hace d\u00edas fue a causa de un \u00abhecho fortuito\u00bb y que el mantenimiento se realiza en todos los ejemplares de manera permanente. Un especialista dice que era evitable y que es un ejemplo m\u00e1s del inadecuado manejo de los recursos<\/p>\n<p>La advertencia ha sido expresada\u00a0 desde hace tiempo, de manera determinante y obliga a tomar medidas urgentes. Es que el actual contexto de sequ\u00eda y cambio clim\u00e1tico exige establecer prioridades a la hora de preservar el arbolado que a lo largo de d\u00e9cadas de esfuerzos por implantarlo, ha permitido garantizar la vida en Mendoza. Justamente, luego de que una a\u00f1osa morera ubicada en la Peatonal Sarmiento, quebrara a la mitad en pleno coraz\u00f3n de la ciudad, una vez m\u00e1s qued\u00f3 en evidencia la necesidad de preservar a este patrimonio clave para los mendocinos. Quienes trabajan desde hace a\u00f1os en su defensa aseguran que el hecho no es ajeno a la problem\u00e1tica m\u00e1s general: a los \u00e1rboles implantados de Mendoza les falta mantenimiento, riego y poda adecuada. A ello se suma la retracci\u00f3n de los espacios verdes como consecuencia del avance de zonas cementadas y emprendimientos en los que no se contempla una planificaci\u00f3n no invasiva de las especies arb\u00f3reas preexistentes.<\/p>\n<p>El\u00a0hecho\u00a0ocurrido este lunes pasadas las 19 horas sobre la Peatonal Sarmiento a metros de calle 9 de julio pudo haber sido una tragedia: una morera qued\u00f3 partida a la mitad,; las ramas con el follaje atravesaron de punta a apunta el ancho de la v\u00eda,\u00a0cayeron sobre los cables de alta tensi\u00f3n y con ellos, cedi\u00f3 inclusive el poste de luz que los sosten\u00eda. Los transe\u00fantes como as\u00ed tambi\u00e9n los due\u00f1os de los comercios de ese concurrido sector del centro y quienes se encontraban en los caf\u00e9s y restaurantes de la zona fueron testigos de la estrepitosa ca\u00edda que afortunadamente no se cobr\u00f3 v\u00edctimas ni heridos.<\/p>\n<p>Desde la Municipalidad de la Ciudad de Mendoza aseguran que el episodio\u00a0fue \u00abfortuito\u00bb y que el mantenimiento de los ejemplares se realiza de manera frecuente con cuadrillas dedicadas a esa tarea. El riego, detallaron desde el \u00e1rea a cargo, se efect\u00faa de manera controlada cada diez d\u00edas con el agua que procede de un pozo que se encuentra a la altura de la Plaza Independencia.<\/p>\n<p><strong>Poda inadecuada<\/strong><br \/>\nIvanna Klimisch, directora de Espacios Verdes y Arbolado de la comuna, explic\u00f3 a\u00a0MDZ\u00a0que el desgarro del ejemplar se produjo como consecuencia de factores m\u00faltiples. El m\u00e1s importante, detall\u00f3, tuvo que ver con la poda en forma de \u00abV\u00bb que las empresas de servicios suelen realizar en las ramas para evitar que los \u00e1rboles toquen los cables de alta tensi\u00f3n o telefon\u00eda, entre otros.<\/p>\n<p>\u00abEn esa especie de copa que se forma se suelen juntar hongos y eso debilita troncos y ramas. A eso se suman las altas temperaturas y las situaciones clim\u00e1ticas, como el viento y la menor disponibilidad de agua. Todas son situaciones que vienen sucediendo en otros sectores de la ciudad. La ca\u00edda de ramas altas es algo que venimos notando desde hace m\u00e1s de un a\u00f1o y que nos muestran que lo que est\u00e1 afectando a nuestro arbolado es multicausal\u00bb, dijo la funcionaria y detall\u00f3 que en el caso puntual de la morera que se quebr\u00f3 el lunes, \u00abel tronco no estaba podrido como dijeron algunas personas\u00bb. A\u00f1adi\u00f3 que \u00ablos \u00e1rboles en la Ciudad de Mendoza cuentan con el necesario monitoreo y seguimiento continuo\u00bb, aunque reconoci\u00f3 que el curso del agua es escaso por las acequias y que esa situaci\u00f3n afecta tanto a moreras como a pl\u00e1tanos y fresnos.<\/p>\n<p><strong>Situaci\u00f3n alarmante<\/strong><br \/>\nDesde una perspectiva macro\u00a0en relaci\u00f3n a la situaci\u00f3n que afecta de manera grave a la provincia, el ingeniero agr\u00f3nomo e integrante de la organizaci\u00f3n ambientalista Guardianes del Parque, Lorenzo Ferretjans, destac\u00f3 que este evento, es la clara consecuencia de una problem\u00e1tica m\u00e1s profunda y compleja. En reiteradas oportunidades el profesional ha compartido sus conocimientos desde la agronom\u00eda para advertir justamente, que el arbolado implantado en Mendoza est\u00e1 sufriendo de un deterioro profundo que de no remediarse, generar\u00e1 consecuencias catastr\u00f3ficas en el\u00a0medio ambiente\u00a0de Mendoza.<\/p>\n<p>\u00abHay una situaci\u00f3n muy grave respecto del arbolado en Mendoza; en la mayor\u00eda de los municipios las especies est\u00e1n siendo taladas y las que hay se est\u00e1n secando por la falta del riego adecuado. Cada vez se hace m\u00e1s espacios de cemento, se sacan \u00e1rboles que tienen muchos a\u00f1os y en lugar de tener m\u00e1s sombra y frescura cada vez tenemos m\u00e1s cemento y por lo tanto, calor y sol. Las plazas como as\u00ed tambi\u00e9n el parque General San Mart\u00edn, nuestro pulm\u00f3n, no est\u00e1n teniendo los cuidados necesarios\u00bb, advirti\u00f3 una vez m\u00e1s el experto. La poda mal realizada -que a la vez genera debilitamiento en ramas y troncos junto a una mayor propensi\u00f3n a las plagas- es otra situaci\u00f3n por la cual se han manifestado entidades que defienden el cuidado del medio ambiente en la provincia, en diferentes oportunidades y sitios.<\/p>\n<p><strong>M\u00e1s cemento, sol y calor<\/strong><br \/>\nFerretjans a\u00f1adi\u00f3 en este sentido que a los hechos denunciados anteriormente en relaci\u00f3n a la tala indiscriminada que autorizan las comunas en pos de un progreso que -desde su punto de vista- equivale a un notorio retroceso en lo referente a sustentabilidad, se suman otros nuevos. En Malarg\u00fce, por ejemplo, asegura que \u00abse est\u00e1n talando \u00e1rboles en un boulevard para reemplazarlos por cemento\u00bb. Denuncia adem\u00e1s que en Rivadavia, en pleno centro departamental se han talado a\u00f1osos ejemplares y que en Godoy Cruz, sobre el carril Cervantes, se han eliminado\u00a0\u00e1rboles\u00a0para crear espacios deportivos y recreativos en los que \u00abahora ni siquiera hay sombra para ser adecuadamente aprovechados\u00bb. El sol y el calor que en los meses de verano parecen quemarlo todo, ahora dejan en evidencia la dureza de la vida en una tierra donde el desierto es una realidad, que tan solo gracias al esfuerzo de generaciones anteriores ha podio ser habitado.<\/p>\n<p>El especialista a\u00f1adi\u00f3 que la actual situaci\u00f3n del\u00a0arbolado p\u00fablico\u00a0en Mendoza es totalmente inversa a lo que se deber\u00eda lograr para permitir que pese a las condiciones ambientales estas tierras sigan gozando de la protecci\u00f3n, frescura, ox\u00edgeno y sombra que solo los \u00e1rboles pueden garantizar. \u00abTenemos\u00a0\u00e1rboles\u00a0a\u00f1osos, pero hay que mantenerlos de manera adecuada; podarlos correctamente y regarlos. Con adecuado manejo del agua esto se puede lograr; una gran cantidad de plazas de est\u00e1n secando, al igual que los \u00e1rboles por el inadecuado manejo de los recursos; los cauces se tapizan con cemento sin dejar el espacio necesario para alimentar las ra\u00edces. Si todo esto no se tiene en cuenta, el futuro de Mendoza ser\u00e1 muy oscuro\u00bb, sentenci\u00f3 Ferretjans.<\/p>\n<h6>Fuente: MDZ<\/h6>\n","protected":false},"excerpt":{"rendered":"<p>Es que el actual contexto de sequ\u00eda y cambio clim\u00e1tico exige establecer prioridades a la hora de preservar el arbolado que a lo largo de d\u00e9cadas de esfuerzos por implantarlo, ha permitido garantizar la vida en Mendoza.<\/p>\n","protected":false},"author":2,"featured_media":133060,"comment_status":"closed","ping_status":"closed","sticky":false,"template":"","format":"standard","meta":{"footnotes":""},"categories":[2],"tags":[31],"class_list":["post-133059","post","type-post","status-publish","format-standard","has-post-thumbnail","hentry","category-informe-municipal","tag-mendoza"],"_links":{"self":[{"href":"http:\/\/argentinamunicipal.com.ar\/argentina\/wp-json\/wp\/v2\/posts\/133059","targetHints":{"allow":["GET"]}}],"collection":[{"href":"http:\/\/argentinamunicipal.com.ar\/argentina\/wp-json\/wp\/v2\/posts"}],"about":[{"href":"http:\/\/argentinamunicipal.com.ar\/argentina\/wp-json\/wp\/v2\/types\/post"}],"author":[{"embeddable":true,"href":"http:\/\/argentinamunicipal.com.ar\/argentina\/wp-json\/wp\/v2\/users\/2"}],"replies":[{"embeddable":true,"href":"http:\/\/argentinamunicipal.com.ar\/argentina\/wp-json\/wp\/v2\/comments?post=133059"}],"version-history":[{"count":0,"href":"http:\/\/argentinamunicipal.com.ar\/argentina\/wp-json\/wp\/v2\/posts\/133059\/revisions"}],"wp:featuredmedia":[{"embeddable":true,"href":"http:\/\/argentinamunicipal.com.ar\/argentina\/wp-json\/wp\/v2\/media\/133060"}],"wp:attachment":[{"href":"http:\/\/argentinamunicipal.com.ar\/argentina\/wp-json\/wp\/v2\/media?parent=133059"}],"wp:term":[{"taxonomy":"category","embeddable":true,"href":"http:\/\/argentinamunicipal.com.ar\/argentina\/wp-json\/wp\/v2\/categories?post=133059"},{"taxonomy":"post_tag","embeddable":true,"href":"http:\/\/argentinamunicipal.com.ar\/argentina\/wp-json\/wp\/v2\/tags?post=133059"}],"curies":[{"name":"wp","href":"https:\/\/api.w.org\/{rel}","templated":true}]}}